{"id":30542,"date":"2015-09-25T19:50:26","date_gmt":"2015-09-25T16:50:26","guid":{"rendered":"http:\/\/sana.sy\/es\/?p=30542"},"modified":"2015-09-25T19:57:32","modified_gmt":"2015-09-25T16:57:32","slug":"ushakov-la-crisis-siria-y-ucraniana-son-los-temas-claves-del-encuentro-de-putin-con-obama","status":"publish","type":"post","link":"https:\/\/archive.sana.sy\/es\/?p=30542","title":{"rendered":"Ushakov: la crisis siria y ucraniana son los temas claves del encuentro de Putin con Obama"},"content":{"rendered":"<p style=\"text-align: justify\"><span style=\"color: #800000\">Mosc\u00fa, SANA<\/span>&#8211; El asesor del presidente ruso, Yuri Ushakov, anunci\u00f3 que Vladim\u00edr Putin y su hom\u00f3logo estadounidense, Barack Obama, abordar\u00e1n la situaci\u00f3n en Oriente Medio, Siria y Ucrania en la reuni\u00f3n que mantendr\u00e1 este lunes en Nueva York.<br \/>\nKremlin nombr\u00f3 los temas clave del encuentro que los presidentes de Rusia y EE.UU. Vlad\u00edmir Putin y Barack Obama planean mantener el pr\u00f3ximo lunes.<\/p>\n<p style=\"text-align: justify\">&#8220;Estamos listos para abordar con el presidente de EE.UU. todos los problemas que interesan a nuestros pa\u00edses, prestando especial atenci\u00f3n a la situaci\u00f3n en la regi\u00f3n de Oriente Medio y a los problemas sirios&#8221;, dijo a los periodistas el asesor de Putin, Yuri Ushakov. Seg\u00fan \u00e9l, la crisis en Ucrania tambi\u00e9n ser\u00e1 uno de los temas a tratar.<\/p>\n<p style=\"text-align: justify\">&#8220;Estamos preparados para el intercambio de opiniones sobre un amplio abanico de temas internacionales&#8221;, agreg\u00f3 Ushakov, que subray\u00f3 la importancia del encuentro &#8220;teniendo en cuenta la situaci\u00f3n internacional y los problemas graves que todos conocen&#8221;.<\/p>\n<p style=\"text-align: justify\">En el mismo contexto, la reuni\u00f3n entre los presidentes de Rusia y Estados Unidos en Nueva York se acord\u00f3 por iniciativa estadounidense y no rusa, como sugiri\u00f3 la Casa Blanca, declar\u00f3 el asesor de Vlad\u00edmir Putin, Yuri Ushakov.<\/p>\n<p style=\"text-align: justify\">De esta manera, Ushakov desmiente las palabras del portavoz de la Casa Blanca sobre la petici\u00f3n de Rusia para organizar el encuentro entre los l\u00edderes de Rusia y EEUU.<\/p>\n<p>M.Miri<\/p>\n","protected":false},"excerpt":{"rendered":"<p>Mosc\u00fa, SANA&#8211; El asesor del presidente ruso, Yuri Ushakov, anunci\u00f3 que Vladim\u00edr Putin y su hom\u00f3logo estadounidense, Barack Obama, abordar\u00e1n la situaci\u00f3n en Oriente Medio, Siria y Ucrania en la reuni\u00f3n que mantendr\u00e1 este lunes en Nueva York. Kremlin nombr\u00f3 los temas clave del encuentro que los presidentes de Rusia y EE.UU. Vlad\u00edmir Putin y &hellip;<\/p>\n","protected":false},"author":1,"featured_media":30543,"comment_status":"closed","ping_status":"closed","sticky":false,"template":"","format":"standard","meta":{"footnotes":""},"categories":[456,457,576],"tags":[6764],"class_list":["post-30542","post","type-post","status-publish","format-standard","has-post-thumbnail","","category-arabe-internacional-politica","category-noticias-arabe-internacional-politica","category-noticias-politicas","tag-ushakov-la-crisis-siria-y-ucraniana-son-los-temas-claves-del-encuentro-de-putin-con-obama"],"_links":{"self":[{"href":"https:\/\/archive.sana.sy\/es\/index.php?rest_route=\/wp\/v2\/posts\/30542"}],"collection":[{"href":"https:\/\/archive.sana.sy\/es\/index.php?rest_route=\/wp\/v2\/posts"}],"about":[{"href":"https:\/\/archive.sana.sy\/es\/index.php?rest_route=\/wp\/v2\/types\/post"}],"author":[{"embeddable":true,"href":"https:\/\/archive.sana.sy\/es\/index.php?rest_route=\/wp\/v2\/users\/1"}],"replies":[{"embeddable":true,"href":"https:\/\/archive.sana.sy\/es\/index.php?rest_route=%2Fwp%2Fv2%2Fcomments&post=30542"}],"version-history":[{"count":0,"href":"https:\/\/archive.sana.sy\/es\/index.php?rest_route=\/wp\/v2\/posts\/30542\/revisions"}],"wp:featuredmedia":[{"embeddable":true,"href":"https:\/\/archive.sana.sy\/es\/index.php?rest_route=\/wp\/v2\/media\/30543"}],"wp:attachment":[{"href":"https:\/\/archive.sana.sy\/es\/index.php?rest_route=%2Fwp%2Fv2%2Fmedia&parent=30542"}],"wp:term":[{"taxonomy":"category","embeddable":true,"href":"https:\/\/archive.sana.sy\/es\/index.php?rest_route=%2Fwp%2Fv2%2Fcategories&post=30542"},{"taxonomy":"post_tag","embeddable":true,"href":"https:\/\/archive.sana.sy\/es\/index.php?rest_route=%2Fwp%2Fv2%2Ftags&post=30542"}],"curies":[{"name":"wp","href":"https:\/\/api.w.org\/{rel}","templated":true}]}}