{"id":305445,"date":"2023-08-03T12:40:46","date_gmt":"2023-08-03T09:40:46","guid":{"rendered":"http:\/\/sana.sy\/es\/?p=305445"},"modified":"2023-08-03T12:47:14","modified_gmt":"2023-08-03T09:47:14","slug":"terroristas-realizan-preparativos-para-lanzar-ataques-en-siria-afirma-rusia","status":"publish","type":"post","link":"https:\/\/archive.sana.sy\/es\/?p=305445","title":{"rendered":"Terroristas realizan preparativos para lanzar ataques en Siria, afirma Rusia"},"content":{"rendered":"<p style=\"text-align: justify;\"><span style=\"color: #800000;\"><strong>Mosc\u00fa, 03 ago (SANA)\u00a0<\/strong> <\/span>El Ministerio de Defensa ruso anunci\u00f3 que las organizaciones terroristas desplegadas en la zona de desescalada en la provincia septentrional siria de Idlib y sus alrededores se\u00a0 est\u00e1n preparando\u00a0 para llevar a cabo ataques contra \u00e1reas residenciales y puntos seguros del Ej\u00e9rcito \u00c1rabe Sirio y las fuerzas rusas que operan en Siria.<\/p>\n<p style=\"text-align: justify;\">&#8220;Hay informaci\u00f3n\u00a0 de que los terroristas del Frente al-Nusra catalogada como terrorista internacionalmente prepara acciones terroristas suicidas contra objetivos y patrullas de los ej\u00e9rcitos ruso y sirio&#8221;, dijo el subdirector del Centro de Coordinaci\u00f3n Ruso en Hemeimem, el contralmirante Vadim Kolet.<\/p>\n<p style=\"text-align: justify;\">Las tropas rusas tomar\u00e1n las medidas m\u00e1s decisivas contra estos terroristas, que planean llevar a cabo ataques contra los ej\u00e9rcitos ruso y sirio, se\u00f1al\u00f3 el oficial.<\/p>\n<p style=\"text-align: justify;\">En\u00a0 las \u00faltimas 24 horas , se registraron13 casos de violaci\u00f3n por parte de la\u00a0 coalici\u00f3n estadounidense\u00a0 de los acuerdos de no colisi\u00f3n suscritos con la Federaci\u00f3n Rusa en el cielo sirio.<\/p>\n<p style=\"text-align: justify;\">El Ministerio indic\u00f3 que esta coalici\u00f3n oper\u00f3 vuelos de combate y drones sin coordinaci\u00f3n con la parte rusa.<\/p>\n<p style=\"text-align: justify;\">ed\/fm<\/p>\n","protected":false},"excerpt":{"rendered":"<p>Mosc\u00fa, 03 ago (SANA)\u00a0 El Ministerio de Defensa ruso anunci\u00f3 que las organizaciones terroristas desplegadas en la zona de desescalada en la provincia septentrional siria de Idlib y sus alrededores se\u00a0 est\u00e1n preparando\u00a0 para llevar a cabo ataques contra \u00e1reas residenciales y puntos seguros del Ej\u00e9rcito \u00c1rabe Sirio y las fuerzas rusas que operan en &hellip;<\/p>\n","protected":false},"author":32,"featured_media":305452,"comment_status":"closed","ping_status":"closed","sticky":false,"template":"","format":"standard","meta":{"footnotes":""},"categories":[597,20724,467,7541],"tags":[],"class_list":["post-305445","post","type-post","status-publish","format-standard","has-post-thumbnail","","category-cinta-de-noticias","category-minuto-a-minuto","category-siria-y-el-mundo","category-ultimas-noticias"],"_links":{"self":[{"href":"https:\/\/archive.sana.sy\/es\/index.php?rest_route=\/wp\/v2\/posts\/305445"}],"collection":[{"href":"https:\/\/archive.sana.sy\/es\/index.php?rest_route=\/wp\/v2\/posts"}],"about":[{"href":"https:\/\/archive.sana.sy\/es\/index.php?rest_route=\/wp\/v2\/types\/post"}],"author":[{"embeddable":true,"href":"https:\/\/archive.sana.sy\/es\/index.php?rest_route=\/wp\/v2\/users\/32"}],"replies":[{"embeddable":true,"href":"https:\/\/archive.sana.sy\/es\/index.php?rest_route=%2Fwp%2Fv2%2Fcomments&post=305445"}],"version-history":[{"count":1,"href":"https:\/\/archive.sana.sy\/es\/index.php?rest_route=\/wp\/v2\/posts\/305445\/revisions"}],"predecessor-version":[{"id":305451,"href":"https:\/\/archive.sana.sy\/es\/index.php?rest_route=\/wp\/v2\/posts\/305445\/revisions\/305451"}],"wp:featuredmedia":[{"embeddable":true,"href":"https:\/\/archive.sana.sy\/es\/index.php?rest_route=\/wp\/v2\/media\/305452"}],"wp:attachment":[{"href":"https:\/\/archive.sana.sy\/es\/index.php?rest_route=%2Fwp%2Fv2%2Fmedia&parent=305445"}],"wp:term":[{"taxonomy":"category","embeddable":true,"href":"https:\/\/archive.sana.sy\/es\/index.php?rest_route=%2Fwp%2Fv2%2Fcategories&post=305445"},{"taxonomy":"post_tag","embeddable":true,"href":"https:\/\/archive.sana.sy\/es\/index.php?rest_route=%2Fwp%2Fv2%2Ftags&post=305445"}],"curies":[{"name":"wp","href":"https:\/\/api.w.org\/{rel}","templated":true}]}}