{"id":305446,"date":"2023-08-03T12:36:03","date_gmt":"2023-08-03T09:36:03","guid":{"rendered":"http:\/\/sana.sy\/es\/?p=305446"},"modified":"2023-08-03T16:40:42","modified_gmt":"2023-08-03T13:40:42","slug":"canciller-sirio-recibe-credenciales-del-nuevo-jefe-de-la-mision-del-cicr-en-siria","status":"publish","type":"post","link":"https:\/\/archive.sana.sy\/es\/?p=305446","title":{"rendered":"Canciller sirio recibe credenciales del nuevo jefe de la misi\u00f3n del CICR en Siria"},"content":{"rendered":"<p style=\"text-align: justify;\"><span style=\"color: #800000;\"><strong>\u00a0Damasco, 03 ago (SANA)<\/strong> <\/span>El ministro de Asuntos Exteriores y Expatriados, Faisal Al-Mekdad, recibi\u00f3 hoy las cartas credenciales\u00a0 de Stephan Sakalian como nuevo jefe de la delegaci\u00f3n del Comit\u00e9 Internacional de la Cruz Roja \u201cCICR\u201d en Siria.<\/p>\n<p style=\"text-align: justify;\">Durante la reuni\u00f3n, el Canciller sirio se\u00f1al\u00f3 que la fruct\u00edfera relaci\u00f3n de cooperaci\u00f3n entre su pa\u00eds y el Comit\u00e9 Internacional de la Cruz Roja se remonta a d\u00e9cadas, y desatac\u00f3 el importante papel desempe\u00f1ado por el referido organismo en el campo del trabajo humanitario en cooperaci\u00f3n con la Media Luna Roja \u00c1rabe Siria.<\/p>\n<p style=\"text-align: justify;\">Asimismo, dio una explicaci\u00f3n sobre la a situaci\u00f3n humanitaria y de vida en Siria, enfatizando la importancia de trabajar en cooperaci\u00f3n con el gobierno sirio para entregar ayuda humanitaria a quienes la necesitan en todas las regiones sirias.<\/p>\n<p style=\"text-align: justify;\">El jefe de la diplomacia siria se refiri\u00f3 tambi\u00e9n a las pr\u00e1cticas del ocupante turco y los grupos separatistas apoyados por Ankara en el noreste de Siria, ya que estos privan intencionalmente del agua a m\u00e1s de un mill\u00f3n de ciudadanos sirios en la provincia de Hasakeh, e inst\u00f3 una acci\u00f3n r\u00e1pida y efectiva por parte de las organizaciones internacionales para salvar la vida de estos ciudadanos.<\/p>\n<p style=\"text-align: justify;\">Adem\u00e1s, el ministro Al-Mekdad abord\u00f3 el impacto inhumano de las sanciones econ\u00f3micas impuestas al pueblo sirio por los pa\u00edses occidentales y EEUU, con el objetivo de ejercer presi\u00f3n pol\u00edtica sobre Damasco para que cambie sus posiciones ante los asuntos regionales.<\/p>\n<p style=\"text-align: justify;\">Tambi\u00e9n, denunci\u00f3 la politizaci\u00f3n del expediente humanitario por parte de algunos pa\u00edses y el intento de dirigir la ayuda humanitaria a las organizaciones terroristas apoyadas por estos pa\u00edses.<\/p>\n<p style=\"text-align: justify;\">A su vez, Sakalian expres\u00f3 su aspiraci\u00f3n de fortalecer la asociaci\u00f3n con el gobierno sirio para lograr avances en t\u00e9rminos de trabajo humanitario en el pa\u00eds, y enfatiz\u00f3 la importancia de tomar en cuenta el punto de vista del gobierno sirio, algo que el Comit\u00e9 trabajar\u00e1 durante el pr\u00f3ximo per\u00edodo, en coordinaci\u00f3n con la Media Luna Roja \u00c1rabe Siria.<\/p>\n<p style=\"text-align: justify;\">ed\/fm\/sm<\/p>\n","protected":false},"excerpt":{"rendered":"<p>\u00a0Damasco, 03 ago (SANA) El ministro de Asuntos Exteriores y Expatriados, Faisal Al-Mekdad, recibi\u00f3 hoy las cartas credenciales\u00a0 de Stephan Sakalian como nuevo jefe de la delegaci\u00f3n del Comit\u00e9 Internacional de la Cruz Roja \u201cCICR\u201d en Siria. Durante la reuni\u00f3n, el Canciller sirio se\u00f1al\u00f3 que la fruct\u00edfera relaci\u00f3n de cooperaci\u00f3n entre su pa\u00eds y el &hellip;<\/p>\n","protected":false},"author":32,"featured_media":305447,"comment_status":"closed","ping_status":"closed","sticky":false,"template":"","format":"standard","meta":{"footnotes":""},"categories":[597,20724,467,7541],"tags":[],"class_list":["post-305446","post","type-post","status-publish","format-standard","has-post-thumbnail","","category-cinta-de-noticias","category-minuto-a-minuto","category-siria-y-el-mundo","category-ultimas-noticias"],"_links":{"self":[{"href":"https:\/\/archive.sana.sy\/es\/index.php?rest_route=\/wp\/v2\/posts\/305446"}],"collection":[{"href":"https:\/\/archive.sana.sy\/es\/index.php?rest_route=\/wp\/v2\/posts"}],"about":[{"href":"https:\/\/archive.sana.sy\/es\/index.php?rest_route=\/wp\/v2\/types\/post"}],"author":[{"embeddable":true,"href":"https:\/\/archive.sana.sy\/es\/index.php?rest_route=\/wp\/v2\/users\/32"}],"replies":[{"embeddable":true,"href":"https:\/\/archive.sana.sy\/es\/index.php?rest_route=%2Fwp%2Fv2%2Fcomments&post=305446"}],"version-history":[{"count":8,"href":"https:\/\/archive.sana.sy\/es\/index.php?rest_route=\/wp\/v2\/posts\/305446\/revisions"}],"predecessor-version":[{"id":305495,"href":"https:\/\/archive.sana.sy\/es\/index.php?rest_route=\/wp\/v2\/posts\/305446\/revisions\/305495"}],"wp:featuredmedia":[{"embeddable":true,"href":"https:\/\/archive.sana.sy\/es\/index.php?rest_route=\/wp\/v2\/media\/305447"}],"wp:attachment":[{"href":"https:\/\/archive.sana.sy\/es\/index.php?rest_route=%2Fwp%2Fv2%2Fmedia&parent=305446"}],"wp:term":[{"taxonomy":"category","embeddable":true,"href":"https:\/\/archive.sana.sy\/es\/index.php?rest_route=%2Fwp%2Fv2%2Fcategories&post=305446"},{"taxonomy":"post_tag","embeddable":true,"href":"https:\/\/archive.sana.sy\/es\/index.php?rest_route=%2Fwp%2Fv2%2Ftags&post=305446"}],"curies":[{"name":"wp","href":"https:\/\/api.w.org\/{rel}","templated":true}]}}