{"id":30546,"date":"2015-09-25T19:28:24","date_gmt":"2015-09-25T16:28:24","guid":{"rendered":"http:\/\/sana.sy\/es\/?p=30546"},"modified":"2015-09-25T19:28:24","modified_gmt":"2015-09-25T16:28:24","slug":"israel-autoriza-a-sus-soldados-a-disparar-contra-palestinos-que-les-arrojen-piedras","status":"publish","type":"post","link":"https:\/\/archive.sana.sy\/es\/?p=30546","title":{"rendered":"Israel autoriza a sus soldados a disparar contra palestinos que les arrojen piedras"},"content":{"rendered":"<p><span style=\"color: #800000\">Jerusal\u00e9n ocupada, SANA<\/span>&#8211; El gabinete de seguridad del r\u00e9gimen de ocupaci\u00f3n israel\u00ed aprueba medidas por las que otorga m\u00e1s libertad a sus soldados para disparar contra los palestinos que les arrojen piedras.<\/p>\n<p style=\"text-align: justify\">El primer ministro israel\u00ed, Benyamin Netanyahu, ha afirmado el jueves que la polic\u00eda ya podr\u00e1 utilizar \u201cmunici\u00f3n real\u201d contra manifestantes palestinos que choquen con militares israel\u00eds de Tel Aviv.<\/p>\n<p style=\"text-align: justify\">\u201cHemos redefinido las instrucciones de apertura de fuego\u201d, se\u00f1ala el comunicado emitido por Netanyahu, quien ha asegurado que, a partir de ahora, el lanzamiento de piedras \u2014que denomina \u201cobjetos letales\u201d\u2014, recibir\u00e1 el fuego real por respuesta.<\/p>\n<p style=\"text-align: justify\">La pol\u00e9mica medida es aplicable tambi\u00e9n a los menores de edad, que suelen participar en las manifestaciones y marchas de protesta.<\/p>\n<p style=\"text-align: justify\">Por otro lado, la nota informa de una pena m\u00ednima de cuatro a\u00f1os de presidio para quienes arrojen piedras a los uniformados y veh\u00edculos militares israel\u00edes. El gabinete de seguridad israel\u00ed ya aprob\u00f3 en junio pasado un proyecto de ley para aplicar un castigo m\u00e1ximo de 20 a\u00f1os para este caso.<\/p>\n<p style=\"text-align: justify\">La medida impone, adem\u00e1s, multas y sanciones a los padres de los menores que tiren piedras, la nueva normativa llega en un momento de alta tensi\u00f3n entre los israel\u00edes y palestinos, debido a las recientes atrocidades israel\u00edes contra los ciudadanos palestinos de las ocupadas Cisjordania y Al-Quds (Jerusal\u00e9n).<\/p>\n<p style=\"text-align: justify\">Recientemente, los militares del r\u00e9gimen de Tel Aviv han estado atacando a los fieles palestinos reunidos en el per\u00edmetro de la Mezquita Al-Aqsa, en Al-Quds, sucesos que han sido condenados por organismos internacionales y por ciertos pa\u00edses; entre otros, Estados Unidos, Egipto y Jordania.<\/p>\n<p>M.Miri<\/p>\n","protected":false},"excerpt":{"rendered":"<p>Jerusal\u00e9n ocupada, SANA&#8211; El gabinete de seguridad del r\u00e9gimen de ocupaci\u00f3n israel\u00ed aprueba medidas por las que otorga m\u00e1s libertad a sus soldados para disparar contra los palestinos que les arrojen piedras. El primer ministro israel\u00ed, Benyamin Netanyahu, ha afirmado el jueves que la polic\u00eda ya podr\u00e1 utilizar \u201cmunici\u00f3n real\u201d contra manifestantes palestinos que choquen &hellip;<\/p>\n","protected":false},"author":1,"featured_media":30547,"comment_status":"closed","ping_status":"closed","sticky":false,"template":"","format":"standard","meta":{"footnotes":""},"categories":[456,457,576],"tags":[6765],"class_list":["post-30546","post","type-post","status-publish","format-standard","has-post-thumbnail","","category-arabe-internacional-politica","category-noticias-arabe-internacional-politica","category-noticias-politicas","tag-israel-autoriza-a-sus-soldados-a-disparar-contra-palestinos-que-les-arrojen-piedras"],"_links":{"self":[{"href":"https:\/\/archive.sana.sy\/es\/index.php?rest_route=\/wp\/v2\/posts\/30546"}],"collection":[{"href":"https:\/\/archive.sana.sy\/es\/index.php?rest_route=\/wp\/v2\/posts"}],"about":[{"href":"https:\/\/archive.sana.sy\/es\/index.php?rest_route=\/wp\/v2\/types\/post"}],"author":[{"embeddable":true,"href":"https:\/\/archive.sana.sy\/es\/index.php?rest_route=\/wp\/v2\/users\/1"}],"replies":[{"embeddable":true,"href":"https:\/\/archive.sana.sy\/es\/index.php?rest_route=%2Fwp%2Fv2%2Fcomments&post=30546"}],"version-history":[{"count":0,"href":"https:\/\/archive.sana.sy\/es\/index.php?rest_route=\/wp\/v2\/posts\/30546\/revisions"}],"wp:featuredmedia":[{"embeddable":true,"href":"https:\/\/archive.sana.sy\/es\/index.php?rest_route=\/wp\/v2\/media\/30547"}],"wp:attachment":[{"href":"https:\/\/archive.sana.sy\/es\/index.php?rest_route=%2Fwp%2Fv2%2Fmedia&parent=30546"}],"wp:term":[{"taxonomy":"category","embeddable":true,"href":"https:\/\/archive.sana.sy\/es\/index.php?rest_route=%2Fwp%2Fv2%2Fcategories&post=30546"},{"taxonomy":"post_tag","embeddable":true,"href":"https:\/\/archive.sana.sy\/es\/index.php?rest_route=%2Fwp%2Fv2%2Ftags&post=30546"}],"curies":[{"name":"wp","href":"https:\/\/api.w.org\/{rel}","templated":true}]}}