{"id":305480,"date":"2023-08-03T15:05:55","date_gmt":"2023-08-03T12:05:55","guid":{"rendered":"http:\/\/sana.sy\/es\/?p=305480"},"modified":"2023-08-03T15:06:29","modified_gmt":"2023-08-03T12:06:29","slug":"mas-de-diez-personas-resultan-heridas-en-ataque-con-arma-blanca-cerca-de-seul-capital-de-corea-del-sur","status":"publish","type":"post","link":"https:\/\/archive.sana.sy\/es\/?p=305480","title":{"rendered":"M\u00e1s de diez personas resultan heridas en ataque con arma blanca cerca de Se\u00fal, Corea del Sur"},"content":{"rendered":"<p style=\"text-align: justify;\">Se\u00fal, 03 ago (SANA)\u00a0 M\u00e1s de diez personas resultaron heridas hoy en un incidente de apu\u00f1alamiento con cuchillo cerca de una estaci\u00f3n de metro en la localidad de \u201cSeongnam\u201d, al sur de la capital de Corea del Sur, Se\u00fal.<\/p>\n<p style=\"text-align: justify;\">\u201cUn hombre apu\u00f1al\u00f3, intencionalmente, a varias personas con un cuchillo cerca del metro de Seohyun, lo que provoc\u00f3 heridas a m\u00e1s de diez personas\u201d, seg\u00fan difundi\u00f3 la agencia de noticias Yonhap del pa\u00eds asi\u00e1tico citando a las autoridades, y se\u00f1al\u00f3 que la polic\u00eda arrest\u00f3 al perpetrador.<\/p>\n<p style=\"text-align: justify;\">Las autoridades abrieron una investigaci\u00f3n para conocer las causas del suceso y conocer sus circunstancias.<\/p>\n<p style=\"text-align: justify;\">sm<\/p>\n","protected":false},"excerpt":{"rendered":"<p>Se\u00fal, 03 ago (SANA)\u00a0 M\u00e1s de diez personas resultaron heridas hoy en un incidente de apu\u00f1alamiento con cuchillo cerca de una estaci\u00f3n de metro en la localidad de \u201cSeongnam\u201d, al sur de la capital de Corea del Sur, Se\u00fal. \u201cUn hombre apu\u00f1al\u00f3, intencionalmente, a varias personas con un cuchillo cerca del metro de Seohyun, lo &hellip;<\/p>\n","protected":false},"author":39,"featured_media":305481,"comment_status":"closed","ping_status":"closed","sticky":false,"template":"","format":"standard","meta":{"footnotes":""},"categories":[597,456,16687,20724],"tags":[],"class_list":["post-305480","post","type-post","status-publish","format-standard","has-post-thumbnail","","category-cinta-de-noticias","category-arabe-internacional-politica","category-internacionales","category-minuto-a-minuto"],"_links":{"self":[{"href":"https:\/\/archive.sana.sy\/es\/index.php?rest_route=\/wp\/v2\/posts\/305480"}],"collection":[{"href":"https:\/\/archive.sana.sy\/es\/index.php?rest_route=\/wp\/v2\/posts"}],"about":[{"href":"https:\/\/archive.sana.sy\/es\/index.php?rest_route=\/wp\/v2\/types\/post"}],"author":[{"embeddable":true,"href":"https:\/\/archive.sana.sy\/es\/index.php?rest_route=\/wp\/v2\/users\/39"}],"replies":[{"embeddable":true,"href":"https:\/\/archive.sana.sy\/es\/index.php?rest_route=%2Fwp%2Fv2%2Fcomments&post=305480"}],"version-history":[{"count":2,"href":"https:\/\/archive.sana.sy\/es\/index.php?rest_route=\/wp\/v2\/posts\/305480\/revisions"}],"predecessor-version":[{"id":305483,"href":"https:\/\/archive.sana.sy\/es\/index.php?rest_route=\/wp\/v2\/posts\/305480\/revisions\/305483"}],"wp:featuredmedia":[{"embeddable":true,"href":"https:\/\/archive.sana.sy\/es\/index.php?rest_route=\/wp\/v2\/media\/305481"}],"wp:attachment":[{"href":"https:\/\/archive.sana.sy\/es\/index.php?rest_route=%2Fwp%2Fv2%2Fmedia&parent=305480"}],"wp:term":[{"taxonomy":"category","embeddable":true,"href":"https:\/\/archive.sana.sy\/es\/index.php?rest_route=%2Fwp%2Fv2%2Fcategories&post=305480"},{"taxonomy":"post_tag","embeddable":true,"href":"https:\/\/archive.sana.sy\/es\/index.php?rest_route=%2Fwp%2Fv2%2Ftags&post=305480"}],"curies":[{"name":"wp","href":"https:\/\/api.w.org\/{rel}","templated":true}]}}