{"id":305484,"date":"2023-08-03T15:48:25","date_gmt":"2023-08-03T12:48:25","guid":{"rendered":"http:\/\/sana.sy\/es\/?p=305484"},"modified":"2023-08-03T15:48:35","modified_gmt":"2023-08-03T12:48:35","slug":"militares-israelies-agreden-a-un-pescador-palestino","status":"publish","type":"post","link":"https:\/\/archive.sana.sy\/es\/?p=305484","title":{"rendered":"Militares israel\u00edes agreden a un pescador palestino"},"content":{"rendered":"<p style=\"text-align: justify;\"><span style=\"color: #800000;\"><strong>Jerusal\u00e9n ocupada , 03 ago (SANA)\u00a0<\/strong><\/span> Un pescador palestino result\u00f3 herido por loa militares de la armada de ocupaci\u00f3n israel\u00ed frente a la costa noroeste de la sitiada Franja de Gaza.<\/p>\n<p style=\"text-align: justify;\">\u00a0Seg\u00fan inform\u00f3 la agencia palestina de noticias Wafa, los soldados del ocupante abrieron fuego contra los buques pesqueros frente a la mencionada localidad,\u00a0 lo que provoc\u00f3 la lesi\u00f3n de un pescador.<\/p>\n<p style=\"text-align: justify;\">\u00a0En v\u00edsperas, dos palestinos resultaron heridos por disparos de las fuerzas de ocupaci\u00f3n, cuando los soldados sionistas asaltaron la ciudad de Beit Ummar, al norte de Hebr\u00f3n, en Cisjordania.<\/p>\n<p style=\"text-align: justify;\">ed\/sm<\/p>\n","protected":false},"excerpt":{"rendered":"<p>Jerusal\u00e9n ocupada , 03 ago (SANA)\u00a0 Un pescador palestino result\u00f3 herido por loa militares de la armada de ocupaci\u00f3n israel\u00ed frente a la costa noroeste de la sitiada Franja de Gaza. \u00a0Seg\u00fan inform\u00f3 la agencia palestina de noticias Wafa, los soldados del ocupante abrieron fuego contra los buques pesqueros frente a la mencionada localidad,\u00a0 lo &hellip;<\/p>\n","protected":false},"author":32,"featured_media":305485,"comment_status":"closed","ping_status":"closed","sticky":false,"template":"","format":"standard","meta":{"footnotes":""},"categories":[597,456,16687,20724,7541],"tags":[],"class_list":["post-305484","post","type-post","status-publish","format-standard","has-post-thumbnail","","category-cinta-de-noticias","category-arabe-internacional-politica","category-internacionales","category-minuto-a-minuto","category-ultimas-noticias"],"_links":{"self":[{"href":"https:\/\/archive.sana.sy\/es\/index.php?rest_route=\/wp\/v2\/posts\/305484"}],"collection":[{"href":"https:\/\/archive.sana.sy\/es\/index.php?rest_route=\/wp\/v2\/posts"}],"about":[{"href":"https:\/\/archive.sana.sy\/es\/index.php?rest_route=\/wp\/v2\/types\/post"}],"author":[{"embeddable":true,"href":"https:\/\/archive.sana.sy\/es\/index.php?rest_route=\/wp\/v2\/users\/32"}],"replies":[{"embeddable":true,"href":"https:\/\/archive.sana.sy\/es\/index.php?rest_route=%2Fwp%2Fv2%2Fcomments&post=305484"}],"version-history":[{"count":2,"href":"https:\/\/archive.sana.sy\/es\/index.php?rest_route=\/wp\/v2\/posts\/305484\/revisions"}],"predecessor-version":[{"id":305487,"href":"https:\/\/archive.sana.sy\/es\/index.php?rest_route=\/wp\/v2\/posts\/305484\/revisions\/305487"}],"wp:featuredmedia":[{"embeddable":true,"href":"https:\/\/archive.sana.sy\/es\/index.php?rest_route=\/wp\/v2\/media\/305485"}],"wp:attachment":[{"href":"https:\/\/archive.sana.sy\/es\/index.php?rest_route=%2Fwp%2Fv2%2Fmedia&parent=305484"}],"wp:term":[{"taxonomy":"category","embeddable":true,"href":"https:\/\/archive.sana.sy\/es\/index.php?rest_route=%2Fwp%2Fv2%2Fcategories&post=305484"},{"taxonomy":"post_tag","embeddable":true,"href":"https:\/\/archive.sana.sy\/es\/index.php?rest_route=%2Fwp%2Fv2%2Ftags&post=305484"}],"curies":[{"name":"wp","href":"https:\/\/api.w.org\/{rel}","templated":true}]}}