{"id":30550,"date":"2015-09-25T19:56:34","date_gmt":"2015-09-25T16:56:34","guid":{"rendered":"http:\/\/sana.sy\/es\/?p=30550"},"modified":"2023-01-09T14:09:47","modified_gmt":"2023-01-09T12:09:47","slug":"grupos-terroristas-secuestran-al-secretario-del-departamento-del-partido-baaz-en-sweida","status":"publish","type":"post","link":"https:\/\/archive.sana.sy\/es\/?p=30550","title":{"rendered":"Grupos terroristas secuestran al secretario del departamento del partido Baaz en Sweida"},"content":{"rendered":"<p style=\"text-align: justify\"><span style=\"color: #800000\">Sweida, SANA<\/span>&#8211; Fuentes de la gobernaci\u00f3n de la ciudad de Sweida infirmaron que el Secretario del departamento del Partido \u00c1rabe Socialista Baaz en Sweida, Shebli Yunud, ha sido secuestrado por unos grupos terrorista armados.<\/p>\n<p style=\"text-align: justify\">Las fuentes se\u00f1alaron que despu\u00e9s de un operativo de seguimiento realizado por las autoridades competentes, se ha confirmados el secuestro del secretario a manos de unos grupos terroristas armados.<\/p>\n<p style=\"text-align: justify\">Las fuentes dijeron que los secuestradores asumen la responsabilidad legal completa por cualquier da\u00f1o o asalto causado al Secretario.<\/p>\n<p style=\"text-align: justify\">El corresponsal \/ SANA \/ en la provincia inform\u00f3 quese habia perdido el contacto con el secretario a las 9:00 de la ma\u00f1ana del mi\u00e9rcoles, el d\u00eda antes de ayer, y se encontr\u00f3 a su coche quemado por completo en la zona de Abd Mar, en la carretera principal a 4 k\/m al sureste de la ciudad de Saljad.<\/p>\n<p>M.Miri<\/p>\n","protected":false},"excerpt":{"rendered":"<p>Sweida, SANA&#8211; Fuentes de la gobernaci\u00f3n de la ciudad de Sweida infirmaron que el Secretario del departamento del Partido \u00c1rabe Socialista Baaz en Sweida, Shebli Yunud, ha sido secuestrado por unos grupos terrorista armados. Las fuentes se\u00f1alaron que despu\u00e9s de un operativo de seguimiento realizado por las autoridades competentes, se ha confirmados el secuestro del &hellip;<\/p>\n","protected":false},"author":1,"featured_media":30551,"comment_status":"closed","ping_status":"closed","sticky":false,"template":"","format":"standard","meta":{"footnotes":""},"categories":[477,476],"tags":[6766],"class_list":["post-30550","post","type-post","status-publish","format-standard","has-post-thumbnail","","category-noticias-edulcorantes","category-locales","tag-grupos-terroristas-secuestran-al-secretario-del-departamento-del-partido-baaz-en-sweida"],"_links":{"self":[{"href":"https:\/\/archive.sana.sy\/es\/index.php?rest_route=\/wp\/v2\/posts\/30550"}],"collection":[{"href":"https:\/\/archive.sana.sy\/es\/index.php?rest_route=\/wp\/v2\/posts"}],"about":[{"href":"https:\/\/archive.sana.sy\/es\/index.php?rest_route=\/wp\/v2\/types\/post"}],"author":[{"embeddable":true,"href":"https:\/\/archive.sana.sy\/es\/index.php?rest_route=\/wp\/v2\/users\/1"}],"replies":[{"embeddable":true,"href":"https:\/\/archive.sana.sy\/es\/index.php?rest_route=%2Fwp%2Fv2%2Fcomments&post=30550"}],"version-history":[{"count":0,"href":"https:\/\/archive.sana.sy\/es\/index.php?rest_route=\/wp\/v2\/posts\/30550\/revisions"}],"wp:featuredmedia":[{"embeddable":true,"href":"https:\/\/archive.sana.sy\/es\/index.php?rest_route=\/wp\/v2\/media\/30551"}],"wp:attachment":[{"href":"https:\/\/archive.sana.sy\/es\/index.php?rest_route=%2Fwp%2Fv2%2Fmedia&parent=30550"}],"wp:term":[{"taxonomy":"category","embeddable":true,"href":"https:\/\/archive.sana.sy\/es\/index.php?rest_route=%2Fwp%2Fv2%2Fcategories&post=30550"},{"taxonomy":"post_tag","embeddable":true,"href":"https:\/\/archive.sana.sy\/es\/index.php?rest_route=%2Fwp%2Fv2%2Ftags&post=30550"}],"curies":[{"name":"wp","href":"https:\/\/api.w.org\/{rel}","templated":true}]}}