{"id":305517,"date":"2023-08-03T20:24:44","date_gmt":"2023-08-03T17:24:44","guid":{"rendered":"http:\/\/sana.sy\/es\/?p=305517"},"modified":"2023-08-03T20:26:29","modified_gmt":"2023-08-03T17:26:29","slug":"canciller-sirio-recibe-al-ministro-iraqui-de-transporte","status":"publish","type":"post","link":"https:\/\/archive.sana.sy\/es\/?p=305517","title":{"rendered":"El Canciller sirio recibe al Ministro iraqu\u00ed de Transporte"},"content":{"rendered":"<p style=\"text-align: justify;\"><span style=\"color: #800000;\"><strong>Damasco, 03 ago (SANA)\u00a0 \u00a0<\/strong><\/span>El ministro sirio de Asuntos Exteriores y Expatriados, Faisal Al-Mekdad, examin\u00f3 con Razzaq Muhibis Al-Saadawi, ministro de Transporte iraqu\u00ed, y la delegaci\u00f3n acompa\u00f1ante, formas de fortalecer las relaciones bilaterales entre los dos pa\u00edses en todos los campos, especialmente en el \u00e1mbito del transporte en todos sus modos.<\/p>\n<p style=\"text-align: justify;\">El Canciller sirio destac\u00f3 la importancia de las relaciones estrat\u00e9gicas entre los dos pa\u00edses hermanos, que se fortalecieron tras la visita del primer ministro iraqu\u00ed, Muhammad Shiaa Al-Sudani, a Damasco y su reuni\u00f3n con el presidente Bashar Al-Assad.<\/p>\n<p style=\"text-align: justify;\">Adem\u00e1s, el jefe de la dimplomacia siria se refiri\u00f3 a la importancia de redoblar los esfuerzos realizados por Damasco y Bagdad para alcanzar el nivel que aspiran los dos pueblos hermanos, y facilitar la circulaci\u00f3n de personas y mercanc\u00edas entre ambas naciones.<\/p>\n<p style=\"text-align: justify;\">Por su parte, el titular iraqu\u00ed llam\u00f3 a continuar la coordinaci\u00f3n y consulta entre las partes siria e iraqu\u00ed en los distintos niveles gubernamentales, y a descubrir m\u00e1s oportunidades de cooperaci\u00f3n bilateral para enfrentar los desaf\u00edos que obstaculizan el proceso de desarrollo econ\u00f3mico en los dos pa\u00edses.<\/p>\n<p style=\"text-align: justify;\">sm<\/p>\n","protected":false},"excerpt":{"rendered":"<p>Damasco, 03 ago (SANA)\u00a0 \u00a0El ministro sirio de Asuntos Exteriores y Expatriados, Faisal Al-Mekdad, examin\u00f3 con Razzaq Muhibis Al-Saadawi, ministro de Transporte iraqu\u00ed, y la delegaci\u00f3n acompa\u00f1ante, formas de fortalecer las relaciones bilaterales entre los dos pa\u00edses en todos los campos, especialmente en el \u00e1mbito del transporte en todos sus modos. El Canciller sirio destac\u00f3 &hellip;<\/p>\n","protected":false},"author":39,"featured_media":305518,"comment_status":"closed","ping_status":"closed","sticky":false,"template":"","format":"standard","meta":{"footnotes":""},"categories":[477,597,573,20724,476,467,7541],"tags":[],"class_list":["post-305517","post","type-post","status-publish","format-standard","has-post-thumbnail","","category-noticias-edulcorantes","category-cinta-de-noticias","category-la-realidad-de-los-acontecimientos-en-siria","category-minuto-a-minuto","category-locales","category-siria-y-el-mundo","category-ultimas-noticias"],"_links":{"self":[{"href":"https:\/\/archive.sana.sy\/es\/index.php?rest_route=\/wp\/v2\/posts\/305517"}],"collection":[{"href":"https:\/\/archive.sana.sy\/es\/index.php?rest_route=\/wp\/v2\/posts"}],"about":[{"href":"https:\/\/archive.sana.sy\/es\/index.php?rest_route=\/wp\/v2\/types\/post"}],"author":[{"embeddable":true,"href":"https:\/\/archive.sana.sy\/es\/index.php?rest_route=\/wp\/v2\/users\/39"}],"replies":[{"embeddable":true,"href":"https:\/\/archive.sana.sy\/es\/index.php?rest_route=%2Fwp%2Fv2%2Fcomments&post=305517"}],"version-history":[{"count":2,"href":"https:\/\/archive.sana.sy\/es\/index.php?rest_route=\/wp\/v2\/posts\/305517\/revisions"}],"predecessor-version":[{"id":305520,"href":"https:\/\/archive.sana.sy\/es\/index.php?rest_route=\/wp\/v2\/posts\/305517\/revisions\/305520"}],"wp:featuredmedia":[{"embeddable":true,"href":"https:\/\/archive.sana.sy\/es\/index.php?rest_route=\/wp\/v2\/media\/305518"}],"wp:attachment":[{"href":"https:\/\/archive.sana.sy\/es\/index.php?rest_route=%2Fwp%2Fv2%2Fmedia&parent=305517"}],"wp:term":[{"taxonomy":"category","embeddable":true,"href":"https:\/\/archive.sana.sy\/es\/index.php?rest_route=%2Fwp%2Fv2%2Fcategories&post=305517"},{"taxonomy":"post_tag","embeddable":true,"href":"https:\/\/archive.sana.sy\/es\/index.php?rest_route=%2Fwp%2Fv2%2Ftags&post=305517"}],"curies":[{"name":"wp","href":"https:\/\/api.w.org\/{rel}","templated":true}]}}