{"id":305552,"date":"2023-08-04T13:45:29","date_gmt":"2023-08-04T10:45:29","guid":{"rendered":"http:\/\/sana.sy\/es\/?p=305552"},"modified":"2023-08-04T20:11:14","modified_gmt":"2023-08-04T17:11:14","slug":"ejercito-de-israel-asesina-joven-palestino-en-ciudad-cisjordana-de-tulkarem","status":"publish","type":"post","link":"https:\/\/archive.sana.sy\/es\/?p=305552","title":{"rendered":"Ej\u00e9rcito de &#8220;Israel&#8221; asesina a joven palestino en ciudad cisjordana de Tulkarem"},"content":{"rendered":"<p style=\"text-align: justify;\"><span style=\"color: #800000;\"><strong>Jerusal\u00e9n ocupada, 04 ago (SANA)<\/strong><\/span> Un joven palestino perdi\u00f3 la vida esta madrugada por disparos de las fuerzas de ocupaci\u00f3n israel\u00edes durante una incursi\u00f3n en el campamento de refugiados de Nur Shams, al este de la ciudad de Tulkarem, en Cisjordania.<\/p>\n<p style=\"text-align: justify;\">La agencia de noticias palestina Wafa inform\u00f3 que los soldados israel\u00edes abrieron fuego contra el joven de 18 a\u00f1os, identificado como Mahmoud Abu Saen, a quemarropa, alcanz\u00e1ndolo en la cabeza y provocando su fallecimiento directo.<\/p>\n<p style=\"text-align: justify;\">Con la muerte de Abu Saen, el n\u00famero de m\u00e1rtires palestinos en Cisjordania y la Franja de Gaza desde principios de este a\u00f1o asciende a 210, adem\u00e1s de miles de heridos.<\/p>\n<p style=\"text-align: justify;\"><em><strong>ah\/fm<\/strong><\/em><\/p>\n","protected":false},"excerpt":{"rendered":"<p>Jerusal\u00e9n ocupada, 04 ago (SANA) Un joven palestino perdi\u00f3 la vida esta madrugada por disparos de las fuerzas de ocupaci\u00f3n israel\u00edes durante una incursi\u00f3n en el campamento de refugiados de Nur Shams, al este de la ciudad de Tulkarem, en Cisjordania. La agencia de noticias palestina Wafa inform\u00f3 que los soldados israel\u00edes abrieron fuego contra &hellip;<\/p>\n","protected":false},"author":30,"featured_media":305553,"comment_status":"closed","ping_status":"closed","sticky":false,"template":"","format":"standard","meta":{"footnotes":""},"categories":[597,456,16687,20724,7541],"tags":[],"class_list":["post-305552","post","type-post","status-publish","format-standard","has-post-thumbnail","","category-cinta-de-noticias","category-arabe-internacional-politica","category-internacionales","category-minuto-a-minuto","category-ultimas-noticias"],"_links":{"self":[{"href":"https:\/\/archive.sana.sy\/es\/index.php?rest_route=\/wp\/v2\/posts\/305552"}],"collection":[{"href":"https:\/\/archive.sana.sy\/es\/index.php?rest_route=\/wp\/v2\/posts"}],"about":[{"href":"https:\/\/archive.sana.sy\/es\/index.php?rest_route=\/wp\/v2\/types\/post"}],"author":[{"embeddable":true,"href":"https:\/\/archive.sana.sy\/es\/index.php?rest_route=\/wp\/v2\/users\/30"}],"replies":[{"embeddable":true,"href":"https:\/\/archive.sana.sy\/es\/index.php?rest_route=%2Fwp%2Fv2%2Fcomments&post=305552"}],"version-history":[{"count":2,"href":"https:\/\/archive.sana.sy\/es\/index.php?rest_route=\/wp\/v2\/posts\/305552\/revisions"}],"predecessor-version":[{"id":305556,"href":"https:\/\/archive.sana.sy\/es\/index.php?rest_route=\/wp\/v2\/posts\/305552\/revisions\/305556"}],"wp:featuredmedia":[{"embeddable":true,"href":"https:\/\/archive.sana.sy\/es\/index.php?rest_route=\/wp\/v2\/media\/305553"}],"wp:attachment":[{"href":"https:\/\/archive.sana.sy\/es\/index.php?rest_route=%2Fwp%2Fv2%2Fmedia&parent=305552"}],"wp:term":[{"taxonomy":"category","embeddable":true,"href":"https:\/\/archive.sana.sy\/es\/index.php?rest_route=%2Fwp%2Fv2%2Fcategories&post=305552"},{"taxonomy":"post_tag","embeddable":true,"href":"https:\/\/archive.sana.sy\/es\/index.php?rest_route=%2Fwp%2Fv2%2Ftags&post=305552"}],"curies":[{"name":"wp","href":"https:\/\/api.w.org\/{rel}","templated":true}]}}