{"id":305562,"date":"2023-08-04T13:16:12","date_gmt":"2023-08-04T10:16:12","guid":{"rendered":"http:\/\/sana.sy\/es\/?p=305562"},"modified":"2023-08-04T13:16:12","modified_gmt":"2023-08-04T10:16:12","slug":"rusia-reitera-sus-condiciones-para-reanudar-el-acuerdo-de-granos","status":"publish","type":"post","link":"https:\/\/archive.sana.sy\/es\/?p=305562","title":{"rendered":"Rusia reitera sus condiciones para reanudar el acuerdo de granos"},"content":{"rendered":"<blockquote>\n<p style=\"text-align: justify;\"><span style=\"color: #993300;\">\u201cSi todas las cuestiones que hemos se\u00f1alado se resuelven, especialmente aquellas relacionadas con la implementaci\u00f3n del memorando firmado entre Rusia y las Naciones Unidas, entonces estar\u00edamos listos para volver a poner en marcha la Iniciativa del Mar Negro\u201d<\/span><\/p>\n<\/blockquote>\n<p style=\"text-align: justify;\"><span style=\"color: #800000;\"><strong>Nueva York, 04 (SANA)<\/strong><\/span> El vice delegado permanente de Rusia ante las Naciones Unidas, Dmitry Polyanskiy, ratific\u00f3 que su pa\u00eds estar\u00eda dispuesto a regresar al acuerdo de granos si se resuelven los problemas relacionados con la exportaci\u00f3n de productos y fertilizantes rusos.<\/p>\n<p style=\"text-align: justify;\">\u201cSi todas las cuestiones que hemos se\u00f1alado se resuelven, especialmente aquellas relacionadas con la implementaci\u00f3n del memorando firmado entre Rusia y las Naciones Unidas, entonces estar\u00edamos listos para volver a poner en marcha la Iniciativa del Mar Negro\u201d, cit\u00f3 TASS a Polyanskiy durante una sesi\u00f3n del Consejo de Seguridad Internacional.<\/p>\n<p style=\"text-align: justify;\">Adem\u00e1s, se\u00f1al\u00f3 que las naciones occidentales deben centrarse en garantizar el acceso sin obst\u00e1culos a granos y fertilizantes rusos para los pa\u00edses necesitados.<\/p>\n<p style=\"text-align: justify;\">El diplom\u00e1tico ruso destac\u00f3 que la participaci\u00f3n de Rusia en el mercado mundial de trigo alcanza el 20%, mientras que Ucrania representa menos del 5%, lo que subraya la importante contribuci\u00f3n de Rusia a la seguridad alimentaria mundial como un proveedor agr\u00edcola internacional confiable.<\/p>\n<p style=\"text-align: justify;\">\u201cEs evidente para nosotros que muchas de las crisis alimentarias agudas son directa o indirectamente resultado de las acciones de Estados Unidos y sus aliados, o de sus pol\u00edticas a largo plazo\u201d, fustig\u00f3.<\/p>\n<p style=\"text-align: justify;\">La v\u00edspera, el portavoz del Kremlin, Dmitry Peskov, anunci\u00f3 que Rusia volver\u00e1 a implementar el acuerdo de granos si se cumplen sus condiciones.<\/p>\n<p style=\"text-align: justify;\"><em><strong>ah\/fm<\/strong><\/em><\/p>\n","protected":false},"excerpt":{"rendered":"<p>\u201cSi todas las cuestiones que hemos se\u00f1alado se resuelven, especialmente aquellas relacionadas con la implementaci\u00f3n del memorando firmado entre Rusia y las Naciones Unidas, entonces estar\u00edamos listos para volver a poner en marcha la Iniciativa del Mar Negro\u201d Nueva York, 04 (SANA) El vice delegado permanente de Rusia ante las Naciones Unidas, Dmitry Polyanskiy, ratific\u00f3 &hellip;<\/p>\n","protected":false},"author":30,"featured_media":305563,"comment_status":"closed","ping_status":"closed","sticky":false,"template":"","format":"standard","meta":{"footnotes":""},"categories":[456,16687,20724],"tags":[],"class_list":["post-305562","post","type-post","status-publish","format-standard","has-post-thumbnail","","category-arabe-internacional-politica","category-internacionales","category-minuto-a-minuto"],"_links":{"self":[{"href":"https:\/\/archive.sana.sy\/es\/index.php?rest_route=\/wp\/v2\/posts\/305562"}],"collection":[{"href":"https:\/\/archive.sana.sy\/es\/index.php?rest_route=\/wp\/v2\/posts"}],"about":[{"href":"https:\/\/archive.sana.sy\/es\/index.php?rest_route=\/wp\/v2\/types\/post"}],"author":[{"embeddable":true,"href":"https:\/\/archive.sana.sy\/es\/index.php?rest_route=\/wp\/v2\/users\/30"}],"replies":[{"embeddable":true,"href":"https:\/\/archive.sana.sy\/es\/index.php?rest_route=%2Fwp%2Fv2%2Fcomments&post=305562"}],"version-history":[{"count":1,"href":"https:\/\/archive.sana.sy\/es\/index.php?rest_route=\/wp\/v2\/posts\/305562\/revisions"}],"predecessor-version":[{"id":305564,"href":"https:\/\/archive.sana.sy\/es\/index.php?rest_route=\/wp\/v2\/posts\/305562\/revisions\/305564"}],"wp:featuredmedia":[{"embeddable":true,"href":"https:\/\/archive.sana.sy\/es\/index.php?rest_route=\/wp\/v2\/media\/305563"}],"wp:attachment":[{"href":"https:\/\/archive.sana.sy\/es\/index.php?rest_route=%2Fwp%2Fv2%2Fmedia&parent=305562"}],"wp:term":[{"taxonomy":"category","embeddable":true,"href":"https:\/\/archive.sana.sy\/es\/index.php?rest_route=%2Fwp%2Fv2%2Fcategories&post=305562"},{"taxonomy":"post_tag","embeddable":true,"href":"https:\/\/archive.sana.sy\/es\/index.php?rest_route=%2Fwp%2Fv2%2Ftags&post=305562"}],"curies":[{"name":"wp","href":"https:\/\/api.w.org\/{rel}","templated":true}]}}