{"id":305581,"date":"2023-08-04T19:43:14","date_gmt":"2023-08-04T16:43:14","guid":{"rendered":"http:\/\/sana.sy\/es\/?p=305581"},"modified":"2023-08-04T19:45:07","modified_gmt":"2023-08-04T16:45:07","slug":"el-documental-sirio-juramento-de-cyriac-gana-primer-premio-en-el-19o-festival-de-cine-arqueologico-de-italia","status":"publish","type":"post","link":"https:\/\/archive.sana.sy\/es\/?p=305581","title":{"rendered":"El documental sirio \u201cJuramento de Cyriac\u201d gana primer premio en el 19\u00ba Festival de Cine Arqueol\u00f3gico de Italia"},"content":{"rendered":"<blockquote>\n<p style=\"text-align: justify;\"><span style=\"color: #993300;\">El documental cuenta la historia real de h\u00e9roes sirios que defendieron la identidad y la memoria del pueblo sirio frente al terrorismo que afect\u00f3 el patrimonio humano de la ciudad siria de Alepo en 2015.<\/span><\/p>\n<p style=\"text-align: justify;\"><span style=\"color: #993300;\">Dicha pel\u00edcula, clasificada como drama documental, es una de las pel\u00edculas m\u00e1s destacadas del patrimonio cultural que gan\u00f3 m\u00e1s de 18 premios internacionales en diferentes festivales, desde su primera proyecci\u00f3n en 2021 hasta hoy.<\/span><\/p>\n<\/blockquote>\n<p style=\"text-align: justify;\"><span style=\"color: #800000;\"><strong>Damasco, 04 ago (SANA)\u00a0<\/strong> \u00a0<\/span>La pel\u00edcula documental siria (Juramento de Cyriac) gan\u00f3 el primer premio en el 19\u00ba Festival de Cine Arqueol\u00f3gico, que se llev\u00f3 a cabo en el parque arqueol\u00f3gico del Valle de los Templos en Italia.<\/p>\n<p style=\"text-align: justify;\">La pel\u00edcula, dirigida por Olivier Bourgeois, con el apoyo del Ministerio de Cultura y la Direcci\u00f3n General de Antig\u00fcedades y Museos, y el Fondo Sirio para el Desarrollo, cuenta la historia real de h\u00e9roes sirios que defendieron la identidad y la memoria del pueblo sirio frente al terrorismo, que afect\u00f3 el patrimonio humano de la ciudad siria de Alepo.<\/p>\n<p style=\"text-align: justify;\">Adem\u00e1s, el documental narra la sinergia de un peque\u00f1o grupo de arque\u00f3logos y encargados del Museo de Alepo, ante la escalada de la guerra terrorista contra la mencionada ciudad en 2015, para preservar las colecciones arqueol\u00f3gicas, que sumaban cerca de 24 mil artefactos, de las posesiones del referido museo.<\/p>\n<p style=\"text-align: justify;\">Esos h\u00e9roes tuvieron que enfrentarse a aluviones de proyectiles y fuego de francotiradores y se vieron obligados a vivir en muy dif\u00edciles condiciones y pasar d\u00edas y noches en el suelo del Museo con el objetivo de salvaguardar las propiedades del Museo de manos de los terroristas.<\/p>\n<p style=\"text-align: justify;\">(Juramento de Cyriac), clasificada como drama documental, es una de las pel\u00edculas m\u00e1s destacadas del patrimonio cultural que gan\u00f3 m\u00e1s de 18 premios internacionales en diferentes festivales, desde su primera proyecci\u00f3n en 2021 hasta hoy.<\/p>\n<p style=\"text-align: justify;\">sm<\/p>\n","protected":false},"excerpt":{"rendered":"<p>El documental cuenta la historia real de h\u00e9roes sirios que defendieron la identidad y la memoria del pueblo sirio frente al terrorismo que afect\u00f3 el patrimonio humano de la ciudad siria de Alepo en 2015. Dicha pel\u00edcula, clasificada como drama documental, es una de las pel\u00edculas m\u00e1s destacadas del patrimonio cultural que gan\u00f3 m\u00e1s de &hellip;<\/p>\n","protected":false},"author":39,"featured_media":305582,"comment_status":"closed","ping_status":"closed","sticky":false,"template":"","format":"standard","meta":{"footnotes":""},"categories":[477,597,510,20724,476,467,7541],"tags":[],"class_list":["post-305581","post","type-post","status-publish","format-standard","has-post-thumbnail","","category-noticias-edulcorantes","category-cinta-de-noticias","category-arte-y-cultura","category-minuto-a-minuto","category-locales","category-siria-y-el-mundo","category-ultimas-noticias"],"_links":{"self":[{"href":"https:\/\/archive.sana.sy\/es\/index.php?rest_route=\/wp\/v2\/posts\/305581"}],"collection":[{"href":"https:\/\/archive.sana.sy\/es\/index.php?rest_route=\/wp\/v2\/posts"}],"about":[{"href":"https:\/\/archive.sana.sy\/es\/index.php?rest_route=\/wp\/v2\/types\/post"}],"author":[{"embeddable":true,"href":"https:\/\/archive.sana.sy\/es\/index.php?rest_route=\/wp\/v2\/users\/39"}],"replies":[{"embeddable":true,"href":"https:\/\/archive.sana.sy\/es\/index.php?rest_route=%2Fwp%2Fv2%2Fcomments&post=305581"}],"version-history":[{"count":4,"href":"https:\/\/archive.sana.sy\/es\/index.php?rest_route=\/wp\/v2\/posts\/305581\/revisions"}],"predecessor-version":[{"id":305586,"href":"https:\/\/archive.sana.sy\/es\/index.php?rest_route=\/wp\/v2\/posts\/305581\/revisions\/305586"}],"wp:featuredmedia":[{"embeddable":true,"href":"https:\/\/archive.sana.sy\/es\/index.php?rest_route=\/wp\/v2\/media\/305582"}],"wp:attachment":[{"href":"https:\/\/archive.sana.sy\/es\/index.php?rest_route=%2Fwp%2Fv2%2Fmedia&parent=305581"}],"wp:term":[{"taxonomy":"category","embeddable":true,"href":"https:\/\/archive.sana.sy\/es\/index.php?rest_route=%2Fwp%2Fv2%2Fcategories&post=305581"},{"taxonomy":"post_tag","embeddable":true,"href":"https:\/\/archive.sana.sy\/es\/index.php?rest_route=%2Fwp%2Fv2%2Ftags&post=305581"}],"curies":[{"name":"wp","href":"https:\/\/api.w.org\/{rel}","templated":true}]}}