{"id":30559,"date":"2015-09-25T22:10:25","date_gmt":"2015-09-25T19:10:25","guid":{"rendered":"http:\/\/sana.sy\/es\/?p=30559"},"modified":"2015-09-26T13:12:08","modified_gmt":"2015-09-26T10:12:08","slug":"obama-y-cameron-conversan-telefonicamente-sobre-situacion-en-siria-y-crisis-de-refugiados","status":"publish","type":"post","link":"https:\/\/archive.sana.sy\/es\/?p=30559","title":{"rendered":"Obama y Cameron conversan telef\u00f3nicamente sobre situaci\u00f3n en Siria y crisis de refugiados"},"content":{"rendered":"<p><span style=\"color: #800000\">Londres, SANA<\/span><br \/>\nEl presidente estadounidense Barack Obama y el primer ministro brit\u00e1nico, David Cameron, examinaron por tel\u00e9fono la situaci\u00f3n en Siria y la necesidad de iniciar un proceso pol\u00edtico, y la crisis de los refugiados.<\/p>\n<p>La oficina de Cameron inform\u00f3 en un comunicado, que las conversaciones se centraron en la situaci\u00f3n en Siria y que ambos jefes de estado coincidieron en que el creciente n\u00famero de refugiados y de la amenaza planteada por la organizaci\u00f3n del Estado isl\u00e1mico sobresalta la necesidad de avanzar en el establecimiento de un proceso de transici\u00f3n pol\u00edtica con el fin de poner fin al conflicto en este pa\u00eds.<br \/>\nFady M., Lynn A.<\/p>\n","protected":false},"excerpt":{"rendered":"<p>Londres, SANA El presidente estadounidense Barack Obama y el primer ministro brit\u00e1nico, David Cameron, examinaron por tel\u00e9fono la situaci\u00f3n en Siria y la necesidad de iniciar un proceso pol\u00edtico, y la crisis de los refugiados. La oficina de Cameron inform\u00f3 en un comunicado, que las conversaciones se centraron en la situaci\u00f3n en Siria y que &hellip;<\/p>\n","protected":false},"author":24,"featured_media":30560,"comment_status":"closed","ping_status":"closed","sticky":false,"template":"","format":"standard","meta":{"footnotes":""},"categories":[456,457,576],"tags":[6769],"class_list":["post-30559","post","type-post","status-publish","format-standard","has-post-thumbnail","","category-arabe-internacional-politica","category-noticias-arabe-internacional-politica","category-noticias-politicas","tag-obama-y-cameron-conversan-telefonicamente-sobre-situacion-en-siria-y-crisis-de-refugiados"],"_links":{"self":[{"href":"https:\/\/archive.sana.sy\/es\/index.php?rest_route=\/wp\/v2\/posts\/30559"}],"collection":[{"href":"https:\/\/archive.sana.sy\/es\/index.php?rest_route=\/wp\/v2\/posts"}],"about":[{"href":"https:\/\/archive.sana.sy\/es\/index.php?rest_route=\/wp\/v2\/types\/post"}],"author":[{"embeddable":true,"href":"https:\/\/archive.sana.sy\/es\/index.php?rest_route=\/wp\/v2\/users\/24"}],"replies":[{"embeddable":true,"href":"https:\/\/archive.sana.sy\/es\/index.php?rest_route=%2Fwp%2Fv2%2Fcomments&post=30559"}],"version-history":[{"count":0,"href":"https:\/\/archive.sana.sy\/es\/index.php?rest_route=\/wp\/v2\/posts\/30559\/revisions"}],"wp:featuredmedia":[{"embeddable":true,"href":"https:\/\/archive.sana.sy\/es\/index.php?rest_route=\/wp\/v2\/media\/30560"}],"wp:attachment":[{"href":"https:\/\/archive.sana.sy\/es\/index.php?rest_route=%2Fwp%2Fv2%2Fmedia&parent=30559"}],"wp:term":[{"taxonomy":"category","embeddable":true,"href":"https:\/\/archive.sana.sy\/es\/index.php?rest_route=%2Fwp%2Fv2%2Fcategories&post=30559"},{"taxonomy":"post_tag","embeddable":true,"href":"https:\/\/archive.sana.sy\/es\/index.php?rest_route=%2Fwp%2Fv2%2Ftags&post=30559"}],"curies":[{"name":"wp","href":"https:\/\/api.w.org\/{rel}","templated":true}]}}