{"id":305650,"date":"2023-08-05T20:51:57","date_gmt":"2023-08-05T17:51:57","guid":{"rendered":"http:\/\/sana.sy\/es\/?p=305650"},"modified":"2023-08-05T20:51:57","modified_gmt":"2023-08-05T17:51:57","slug":"senado-de-nigeria-rechaza-intervencion-militar-en-niger","status":"publish","type":"post","link":"https:\/\/archive.sana.sy\/es\/?p=305650","title":{"rendered":"Senado de Nigeria rechaza intervenci\u00f3n militar en N\u00edger"},"content":{"rendered":"<p style=\"text-align: justify;\"><span style=\"color: #800000;\"><strong>Abuya, 5 ago (SANA)\u00a0<\/strong> <\/span>\u00a0El Senado de Nigeria rechaz\u00f3 la petici\u00f3n de intervenci\u00f3n militar en N\u00edger, que fue solicitada por el presidente nigeriano, Bola Tinubu, informan medios locales citado por RT.<\/p>\n<p style=\"text-align: justify;\">El golpe en N\u00edger provoc\u00f3 la condena de Nigeria, de la Comunidad Econ\u00f3mica de Estados de \u00c1frica Occidental (CEDEAO), Estados Unidos, Francia y otros pa\u00edses, as\u00ed como de organizaciones internacionales.<\/p>\n<p style=\"text-align: justify;\">Tinubu, que tambi\u00e9n es presidente de la CEDEAO, envi\u00f3 una carta al Senado nigeriano pidiendo una resoluci\u00f3n que permitiera a Nigeria intervenir y restaurar la democracia en el vecino pa\u00eds.<\/p>\n<p style=\"text-align: justify;\">fm\/rr<\/p>\n","protected":false},"excerpt":{"rendered":"<p>Abuya, 5 ago (SANA)\u00a0 \u00a0El Senado de Nigeria rechaz\u00f3 la petici\u00f3n de intervenci\u00f3n militar en N\u00edger, que fue solicitada por el presidente nigeriano, Bola Tinubu, informan medios locales citado por RT. El golpe en N\u00edger provoc\u00f3 la condena de Nigeria, de la Comunidad Econ\u00f3mica de Estados de \u00c1frica Occidental (CEDEAO), Estados Unidos, Francia y otros &hellip;<\/p>\n","protected":false},"author":31,"featured_media":305651,"comment_status":"closed","ping_status":"closed","sticky":false,"template":"","format":"standard","meta":{"footnotes":""},"categories":[456,16687,20724],"tags":[17846,8644,22303,22314],"class_list":["post-305650","post","type-post","status-publish","format-standard","has-post-thumbnail","","category-arabe-internacional-politica","category-internacionales","category-minuto-a-minuto","tag-estados-unidos","tag-francia","tag-niger","tag-nigeria"],"_links":{"self":[{"href":"https:\/\/archive.sana.sy\/es\/index.php?rest_route=\/wp\/v2\/posts\/305650"}],"collection":[{"href":"https:\/\/archive.sana.sy\/es\/index.php?rest_route=\/wp\/v2\/posts"}],"about":[{"href":"https:\/\/archive.sana.sy\/es\/index.php?rest_route=\/wp\/v2\/types\/post"}],"author":[{"embeddable":true,"href":"https:\/\/archive.sana.sy\/es\/index.php?rest_route=\/wp\/v2\/users\/31"}],"replies":[{"embeddable":true,"href":"https:\/\/archive.sana.sy\/es\/index.php?rest_route=%2Fwp%2Fv2%2Fcomments&post=305650"}],"version-history":[{"count":1,"href":"https:\/\/archive.sana.sy\/es\/index.php?rest_route=\/wp\/v2\/posts\/305650\/revisions"}],"predecessor-version":[{"id":305652,"href":"https:\/\/archive.sana.sy\/es\/index.php?rest_route=\/wp\/v2\/posts\/305650\/revisions\/305652"}],"wp:featuredmedia":[{"embeddable":true,"href":"https:\/\/archive.sana.sy\/es\/index.php?rest_route=\/wp\/v2\/media\/305651"}],"wp:attachment":[{"href":"https:\/\/archive.sana.sy\/es\/index.php?rest_route=%2Fwp%2Fv2%2Fmedia&parent=305650"}],"wp:term":[{"taxonomy":"category","embeddable":true,"href":"https:\/\/archive.sana.sy\/es\/index.php?rest_route=%2Fwp%2Fv2%2Fcategories&post=305650"},{"taxonomy":"post_tag","embeddable":true,"href":"https:\/\/archive.sana.sy\/es\/index.php?rest_route=%2Fwp%2Fv2%2Ftags&post=305650"}],"curies":[{"name":"wp","href":"https:\/\/api.w.org\/{rel}","templated":true}]}}