{"id":305663,"date":"2023-08-06T08:29:11","date_gmt":"2023-08-06T05:29:11","guid":{"rendered":"http:\/\/sana.sy\/es\/?p=305663"},"modified":"2023-08-06T08:29:11","modified_gmt":"2023-08-06T05:29:11","slug":"argelia-en-contra-de-una-intervencion-militar-en-niger","status":"publish","type":"post","link":"https:\/\/archive.sana.sy\/es\/?p=305663","title":{"rendered":"Argelia en contra de una intervenci\u00f3n militar en N\u00edger"},"content":{"rendered":"<blockquote>\n<p style=\"text-align: justify;\"><span style=\"color: #800000;\">&#8220;Una intervenci\u00f3n militar podr\u00eda incendiar toda la regi\u00f3n del Sahel, y Argelia no utilizar\u00e1 la fuerza con sus vecinos&#8221;, afirm\u00f3 Tabboune Ennahar TV.<\/span><\/p>\n<\/blockquote>\n<p style=\"text-align: justify;\"><span style=\"color: #800000;\"><strong>Argel, 6 ago (SAN)<\/strong> <\/span>El presidente de Argelia, Abdelmadjid Tebboune, manifest\u00f3 que su pa\u00eds se opone a la intervenci\u00f3n militar en N\u00edger.<\/p>\n<p style=\"text-align: justify;\">&#8220;Una intervenci\u00f3n militar podr\u00eda incendiar toda la regi\u00f3n del Sahel, y Argelia no utilizar\u00e1 la fuerza con sus vecinos&#8221;, afirm\u00f3 Tabboune Ennahar TV.<\/p>\n<p style=\"text-align: justify;\">La junta militar nigerina, que el pasado 26 de julio derroc\u00f3 al presidente Mohamed Bazoum, afirm\u00f3 que cualquier intento de agresi\u00f3n ser\u00e1 respondido con fuerza.<\/p>\n<p style=\"text-align: justify;\">Al t\u00e9rmino de una cumbre extraordinaria de la Comisi\u00f3n Econ\u00f3mica de Estados de \u00c1frica Occidental (Cedeao), los jefes castrenses de los estados participantes concordaron en un plan para una posible intervenci\u00f3n en N\u00edger cuyos pormenores mantuvieron en absoluta discreci\u00f3n.<\/p>\n<p style=\"text-align: justify;\">La postura de la Cedeao choca con una declaraci\u00f3n de principios de Burkina Faso y Mali, tambi\u00e9n miembros del ente aunque suspendidos, cuyos gobiernos advirtieron que considerar\u00e1n una agresi\u00f3n contra sus territorios cualquier operaci\u00f3n militar contra N\u00edger.<\/p>\n<p style=\"text-align: justify;\"><strong>fm\/ws<\/strong><\/p>\n","protected":false},"excerpt":{"rendered":"<p>&#8220;Una intervenci\u00f3n militar podr\u00eda incendiar toda la regi\u00f3n del Sahel, y Argelia no utilizar\u00e1 la fuerza con sus vecinos&#8221;, afirm\u00f3 Tabboune Ennahar TV. Argel, 6 ago (SAN) El presidente de Argelia, Abdelmadjid Tebboune, manifest\u00f3 que su pa\u00eds se opone a la intervenci\u00f3n militar en N\u00edger. &#8220;Una intervenci\u00f3n militar podr\u00eda incendiar toda la regi\u00f3n del Sahel, &hellip;<\/p>\n","protected":false},"author":35,"featured_media":305664,"comment_status":"closed","ping_status":"closed","sticky":false,"template":"","format":"standard","meta":{"footnotes":""},"categories":[597,456,16687,20724,7541],"tags":[],"class_list":["post-305663","post","type-post","status-publish","format-standard","has-post-thumbnail","","category-cinta-de-noticias","category-arabe-internacional-politica","category-internacionales","category-minuto-a-minuto","category-ultimas-noticias"],"_links":{"self":[{"href":"https:\/\/archive.sana.sy\/es\/index.php?rest_route=\/wp\/v2\/posts\/305663"}],"collection":[{"href":"https:\/\/archive.sana.sy\/es\/index.php?rest_route=\/wp\/v2\/posts"}],"about":[{"href":"https:\/\/archive.sana.sy\/es\/index.php?rest_route=\/wp\/v2\/types\/post"}],"author":[{"embeddable":true,"href":"https:\/\/archive.sana.sy\/es\/index.php?rest_route=\/wp\/v2\/users\/35"}],"replies":[{"embeddable":true,"href":"https:\/\/archive.sana.sy\/es\/index.php?rest_route=%2Fwp%2Fv2%2Fcomments&post=305663"}],"version-history":[{"count":1,"href":"https:\/\/archive.sana.sy\/es\/index.php?rest_route=\/wp\/v2\/posts\/305663\/revisions"}],"predecessor-version":[{"id":305665,"href":"https:\/\/archive.sana.sy\/es\/index.php?rest_route=\/wp\/v2\/posts\/305663\/revisions\/305665"}],"wp:featuredmedia":[{"embeddable":true,"href":"https:\/\/archive.sana.sy\/es\/index.php?rest_route=\/wp\/v2\/media\/305664"}],"wp:attachment":[{"href":"https:\/\/archive.sana.sy\/es\/index.php?rest_route=%2Fwp%2Fv2%2Fmedia&parent=305663"}],"wp:term":[{"taxonomy":"category","embeddable":true,"href":"https:\/\/archive.sana.sy\/es\/index.php?rest_route=%2Fwp%2Fv2%2Fcategories&post=305663"},{"taxonomy":"post_tag","embeddable":true,"href":"https:\/\/archive.sana.sy\/es\/index.php?rest_route=%2Fwp%2Fv2%2Ftags&post=305663"}],"curies":[{"name":"wp","href":"https:\/\/api.w.org\/{rel}","templated":true}]}}