{"id":305670,"date":"2023-08-06T13:53:42","date_gmt":"2023-08-06T10:53:42","guid":{"rendered":"http:\/\/sana.sy\/es\/?p=305670"},"modified":"2023-08-06T13:57:56","modified_gmt":"2023-08-06T10:57:56","slug":"pakistan-envia-un-nuevo-lote-de-ayuda-humanitaria-a-latakia","status":"publish","type":"post","link":"https:\/\/archive.sana.sy\/es\/?p=305670","title":{"rendered":"Pakist\u00e1n env\u00eda un nuevo lote de ayuda humanitaria a Latakia"},"content":{"rendered":"<blockquote>\n<p style=\"text-align: justify;\"><span style=\"color: #800000;\">La asistencia incluye unas 200 toneladas de ayuda humanitaria, alimentaria y de socorro, adem\u00e1s de generadores el\u00e9ctricos.<\/span><\/p>\n<\/blockquote>\n<p style=\"text-align: justify;\"><span style=\"color: #800000;\"><strong>Latakia, 6 ago (SANA)\u00a0<\/strong><\/span> Un lote de ayuda paquistan\u00ed lleg\u00f3 este domingo al puerto de Latakia para apoyar a los afectados por el terremoto que azot\u00f3 la ciudad en febrero pasado.<\/p>\n<p style=\"text-align: justify;\">La asistencia incluye unas 200 toneladas de ayuda humanitaria, alimentaria y de socorro, adem\u00e1s de generadores el\u00e9ctricos.<\/p>\n<p style=\"text-align: justify;\">A principios de junio pasado, la gobernaci\u00f3n de Latakia recibi\u00f3 63 contenedores con un peso de 1.300 toneladas, de ayuda destinada a los afectados por el devastador terremoto.<\/p>\n<div id='gallery-1' class='gallery galleryid-305670 gallery-columns-1 gallery-size-full'><figure class='gallery-item'>\n\t\t\t<div class='gallery-icon landscape'>\n\t\t\t\t<a href='https:\/\/archive.sana.sy\/es\/wp-content\/uploads\/2023\/08\/20230806140503_IMG_4470-scaled.jpg'><img loading=\"lazy\" decoding=\"async\" width=\"2560\" height=\"1708\" src=\"https:\/\/archive.sana.sy\/es\/wp-content\/uploads\/2023\/08\/20230806140503_IMG_4470-scaled.jpg\" class=\"attachment-full size-full\" alt=\"\" srcset=\"https:\/\/archive.sana.sy\/es\/wp-content\/uploads\/2023\/08\/20230806140503_IMG_4470-scaled.jpg 2560w, https:\/\/archive.sana.sy\/es\/wp-content\/uploads\/2023\/08\/20230806140503_IMG_4470-300x200.jpg 300w, https:\/\/archive.sana.sy\/es\/wp-content\/uploads\/2023\/08\/20230806140503_IMG_4470-1024x683.jpg 1024w, https:\/\/archive.sana.sy\/es\/wp-content\/uploads\/2023\/08\/20230806140503_IMG_4470-150x100.jpg 150w, https:\/\/archive.sana.sy\/es\/wp-content\/uploads\/2023\/08\/20230806140503_IMG_4470-768x512.jpg 768w, https:\/\/archive.sana.sy\/es\/wp-content\/uploads\/2023\/08\/20230806140503_IMG_4470-1536x1025.jpg 1536w, https:\/\/archive.sana.sy\/es\/wp-content\/uploads\/2023\/08\/20230806140503_IMG_4470-2048x1366.jpg 2048w\" sizes=\"(max-width: 2560px) 100vw, 2560px\" \/><\/a>\n\t\t\t<\/div><\/figure><figure class='gallery-item'>\n\t\t\t<div class='gallery-icon landscape'>\n\t\t\t\t<a href='https:\/\/archive.sana.sy\/es\/wp-content\/uploads\/2023\/08\/20230806140505_IMG_4471-scaled.jpg'><img loading=\"lazy\" decoding=\"async\" width=\"2560\" height=\"1903\" src=\"https:\/\/archive.sana.sy\/es\/wp-content\/uploads\/2023\/08\/20230806140505_IMG_4471-scaled.jpg\" class=\"attachment-full size-full\" alt=\"\" srcset=\"https:\/\/archive.sana.sy\/es\/wp-content\/uploads\/2023\/08\/20230806140505_IMG_4471-scaled.jpg 2560w, https:\/\/archive.sana.sy\/es\/wp-content\/uploads\/2023\/08\/20230806140505_IMG_4471-300x223.jpg 300w, https:\/\/archive.sana.sy\/es\/wp-content\/uploads\/2023\/08\/20230806140505_IMG_4471-1024x761.jpg 1024w, https:\/\/archive.sana.sy\/es\/wp-content\/uploads\/2023\/08\/20230806140505_IMG_4471-150x112.jpg 150w, https:\/\/archive.sana.sy\/es\/wp-content\/uploads\/2023\/08\/20230806140505_IMG_4471-768x571.jpg 768w, https:\/\/archive.sana.sy\/es\/wp-content\/uploads\/2023\/08\/20230806140505_IMG_4471-1536x1142.jpg 1536w, https:\/\/archive.sana.sy\/es\/wp-content\/uploads\/2023\/08\/20230806140505_IMG_4471-2048x1523.jpg 2048w\" sizes=\"(max-width: 2560px) 100vw, 2560px\" \/><\/a>\n\t\t\t<\/div><\/figure>\n\t\t<\/div>\n\n<p style=\"text-align: justify;\"><strong>ws\/fm<\/strong><\/p>\n","protected":false},"excerpt":{"rendered":"<p>La asistencia incluye unas 200 toneladas de ayuda humanitaria, alimentaria y de socorro, adem\u00e1s de generadores el\u00e9ctricos. Latakia, 6 ago (SANA)\u00a0 Un lote de ayuda paquistan\u00ed lleg\u00f3 este domingo al puerto de Latakia para apoyar a los afectados por el terremoto que azot\u00f3 la ciudad en febrero pasado. La asistencia incluye unas 200 toneladas de &hellip;<\/p>\n","protected":false},"author":35,"featured_media":305673,"comment_status":"closed","ping_status":"closed","sticky":false,"template":"","format":"standard","meta":{"footnotes":""},"categories":[597,20724,476,16688,7541],"tags":[],"class_list":["post-305670","post","type-post","status-publish","format-standard","has-post-thumbnail","","category-cinta-de-noticias","category-minuto-a-minuto","category-locales","category-nacionales","category-ultimas-noticias"],"_links":{"self":[{"href":"https:\/\/archive.sana.sy\/es\/index.php?rest_route=\/wp\/v2\/posts\/305670"}],"collection":[{"href":"https:\/\/archive.sana.sy\/es\/index.php?rest_route=\/wp\/v2\/posts"}],"about":[{"href":"https:\/\/archive.sana.sy\/es\/index.php?rest_route=\/wp\/v2\/types\/post"}],"author":[{"embeddable":true,"href":"https:\/\/archive.sana.sy\/es\/index.php?rest_route=\/wp\/v2\/users\/35"}],"replies":[{"embeddable":true,"href":"https:\/\/archive.sana.sy\/es\/index.php?rest_route=%2Fwp%2Fv2%2Fcomments&post=305670"}],"version-history":[{"count":3,"href":"https:\/\/archive.sana.sy\/es\/index.php?rest_route=\/wp\/v2\/posts\/305670\/revisions"}],"predecessor-version":[{"id":305677,"href":"https:\/\/archive.sana.sy\/es\/index.php?rest_route=\/wp\/v2\/posts\/305670\/revisions\/305677"}],"wp:featuredmedia":[{"embeddable":true,"href":"https:\/\/archive.sana.sy\/es\/index.php?rest_route=\/wp\/v2\/media\/305673"}],"wp:attachment":[{"href":"https:\/\/archive.sana.sy\/es\/index.php?rest_route=%2Fwp%2Fv2%2Fmedia&parent=305670"}],"wp:term":[{"taxonomy":"category","embeddable":true,"href":"https:\/\/archive.sana.sy\/es\/index.php?rest_route=%2Fwp%2Fv2%2Fcategories&post=305670"},{"taxonomy":"post_tag","embeddable":true,"href":"https:\/\/archive.sana.sy\/es\/index.php?rest_route=%2Fwp%2Fv2%2Ftags&post=305670"}],"curies":[{"name":"wp","href":"https:\/\/api.w.org\/{rel}","templated":true}]}}