{"id":305685,"date":"2023-08-06T15:01:05","date_gmt":"2023-08-06T12:01:05","guid":{"rendered":"https:\/\/sana.sy\/es\/?p=305685"},"modified":"2023-08-06T18:23:46","modified_gmt":"2023-08-06T15:23:46","slug":"primera-dama-destaca-labor-de-trabajadores-en-fabrica-de-ropa-en-tartous-fotos","status":"publish","type":"post","link":"https:\/\/archive.sana.sy\/es\/?p=305685","title":{"rendered":"Primera Dama destaca labor de trabajadores en f\u00e1brica de ropa en Tartous (+fotos &#038; Video)"},"content":{"rendered":"<blockquote>\n<p style=\"text-align: justify;\"><span style=\"color: #993300;\">\u201cLa mayor\u00eda de las cosas en la vida nacen peque\u00f1as y luego crecen, y esto se aplica a la persona, iniciativa, idea e incluso el proyecto\u2026 excepto la ambici\u00f3n, comienza grande y contin\u00faa grande, porque su base es la visi\u00f3n y la voluntad\u201d, afirm\u00f3 la Primera Dama.<\/span><\/p>\n<\/blockquote>\n<p style=\"text-align: justify;\"><span style=\"color: #800000;\"><strong>Tartous, 6 ago (SANA)<\/strong> <\/span>La primera dama Asmaa Al-Assad visit\u00f3 hoy la f\u00e1brica de ropa ubicada en el complejo productivo Al-Muthanna, en la provincia costera siria de Tartous.<\/p>\n<p style=\"text-align: justify;\">Dicha instalaci\u00f3n comenz\u00f3 como un peque\u00f1o taller con pocos trabajadores, y en la actualidad se ha convertido en un gran complejo productivo con cientos de profesionales y personas con habilidad.<\/p>\n<p style=\"text-align: justify;\">La pasi\u00f3n por el trabajo y la producci\u00f3n ha hecho de este sitio un verdadero ejemplo de producci\u00f3n, dijo Al-Assad durante su conversaci\u00f3n con los trabajadores.<\/p>\n<p style=\"text-align: justify;\">\u201cLa mayor\u00eda de las cosas en la vida nacen peque\u00f1as y luego crecen, y esto se aplica a la persona, iniciativa, idea e incluso el proyecto\u2026 excepto la ambici\u00f3n, comienza grande y contin\u00faa grande, porque su base es la visi\u00f3n y la voluntad\u201d, afirm\u00f3 la Primera Dama.<\/p>\n<p style=\"text-align: justify;\">Explic\u00f3 que \u201cel sufrimiento nos lleva en una de dos direcciones: o hacia la rendici\u00f3n y la desesperaci\u00f3n, o hacia la confrontaci\u00f3n y el desaf\u00edo; y los trabajadores aqu\u00ed, eligieron la segunda posibilidad\u201d.<\/p>\n<p style=\"text-align: justify;\">Reafirm\u00f3 que es necesario trabajar con pasi\u00f3n, sinceridad y con un esp\u00edritu de equipo, para desarrollarse y contribuir al fomento de la sociedad.<\/p>\n<div id='gallery-1' class='gallery galleryid-305685 gallery-columns-1 gallery-size-full'><figure class='gallery-item'>\n\t\t\t<div class='gallery-icon landscape'>\n\t\t\t\t<a href='https:\/\/archive.sana.sy\/es\/wp-content\/uploads\/2023\/08\/z1.jpg'><img loading=\"lazy\" decoding=\"async\" width=\"1200\" height=\"853\" src=\"https:\/\/archive.sana.sy\/es\/wp-content\/uploads\/2023\/08\/z1.jpg\" class=\"attachment-full size-full\" alt=\"\" srcset=\"https:\/\/archive.sana.sy\/es\/wp-content\/uploads\/2023\/08\/z1.jpg 1200w, https:\/\/archive.sana.sy\/es\/wp-content\/uploads\/2023\/08\/z1-300x213.jpg 300w, https:\/\/archive.sana.sy\/es\/wp-content\/uploads\/2023\/08\/z1-1024x728.jpg 1024w, https:\/\/archive.sana.sy\/es\/wp-content\/uploads\/2023\/08\/z1-150x107.jpg 150w, https:\/\/archive.sana.sy\/es\/wp-content\/uploads\/2023\/08\/z1-768x546.jpg 768w\" sizes=\"(max-width: 1200px) 100vw, 1200px\" \/><\/a>\n\t\t\t<\/div><\/figure><figure class='gallery-item'>\n\t\t\t<div class='gallery-icon landscape'>\n\t\t\t\t<a href='https:\/\/archive.sana.sy\/es\/wp-content\/uploads\/2023\/08\/z4.jpg'><img loading=\"lazy\" decoding=\"async\" width=\"1200\" height=\"800\" src=\"https:\/\/archive.sana.sy\/es\/wp-content\/uploads\/2023\/08\/z4.jpg\" class=\"attachment-full size-full\" alt=\"\" srcset=\"https:\/\/archive.sana.sy\/es\/wp-content\/uploads\/2023\/08\/z4.jpg 1200w, https:\/\/archive.sana.sy\/es\/wp-content\/uploads\/2023\/08\/z4-300x200.jpg 300w, https:\/\/archive.sana.sy\/es\/wp-content\/uploads\/2023\/08\/z4-1024x683.jpg 1024w, https:\/\/archive.sana.sy\/es\/wp-content\/uploads\/2023\/08\/z4-150x100.jpg 150w, https:\/\/archive.sana.sy\/es\/wp-content\/uploads\/2023\/08\/z4-768x512.jpg 768w\" sizes=\"(max-width: 1200px) 100vw, 1200px\" \/><\/a>\n\t\t\t<\/div><\/figure><figure class='gallery-item'>\n\t\t\t<div class='gallery-icon landscape'>\n\t\t\t\t<a href='https:\/\/archive.sana.sy\/es\/wp-content\/uploads\/2023\/08\/z6.jpg'><img loading=\"lazy\" decoding=\"async\" width=\"1200\" height=\"693\" src=\"https:\/\/archive.sana.sy\/es\/wp-content\/uploads\/2023\/08\/z6.jpg\" class=\"attachment-full size-full\" alt=\"\" srcset=\"https:\/\/archive.sana.sy\/es\/wp-content\/uploads\/2023\/08\/z6.jpg 1200w, https:\/\/archive.sana.sy\/es\/wp-content\/uploads\/2023\/08\/z6-300x173.jpg 300w, https:\/\/archive.sana.sy\/es\/wp-content\/uploads\/2023\/08\/z6-1024x591.jpg 1024w, https:\/\/archive.sana.sy\/es\/wp-content\/uploads\/2023\/08\/z6-150x87.jpg 150w, https:\/\/archive.sana.sy\/es\/wp-content\/uploads\/2023\/08\/z6-768x444.jpg 768w\" sizes=\"(max-width: 1200px) 100vw, 1200px\" \/><\/a>\n\t\t\t<\/div><\/figure><figure class='gallery-item'>\n\t\t\t<div class='gallery-icon landscape'>\n\t\t\t\t<a href='https:\/\/archive.sana.sy\/es\/wp-content\/uploads\/2023\/08\/z7.jpg'><img loading=\"lazy\" decoding=\"async\" width=\"1200\" height=\"831\" src=\"https:\/\/archive.sana.sy\/es\/wp-content\/uploads\/2023\/08\/z7.jpg\" class=\"attachment-full size-full\" alt=\"\" srcset=\"https:\/\/archive.sana.sy\/es\/wp-content\/uploads\/2023\/08\/z7.jpg 1200w, https:\/\/archive.sana.sy\/es\/wp-content\/uploads\/2023\/08\/z7-300x208.jpg 300w, https:\/\/archive.sana.sy\/es\/wp-content\/uploads\/2023\/08\/z7-1024x709.jpg 1024w, https:\/\/archive.sana.sy\/es\/wp-content\/uploads\/2023\/08\/z7-150x104.jpg 150w, https:\/\/archive.sana.sy\/es\/wp-content\/uploads\/2023\/08\/z7-768x532.jpg 768w, https:\/\/archive.sana.sy\/es\/wp-content\/uploads\/2023\/08\/z7-110x75.jpg 110w\" sizes=\"(max-width: 1200px) 100vw, 1200px\" \/><\/a>\n\t\t\t<\/div><\/figure><figure class='gallery-item'>\n\t\t\t<div class='gallery-icon landscape'>\n\t\t\t\t<a href='https:\/\/archive.sana.sy\/es\/wp-content\/uploads\/2023\/08\/z2.jpg'><img loading=\"lazy\" decoding=\"async\" width=\"1200\" height=\"800\" src=\"https:\/\/archive.sana.sy\/es\/wp-content\/uploads\/2023\/08\/z2.jpg\" class=\"attachment-full size-full\" alt=\"\" srcset=\"https:\/\/archive.sana.sy\/es\/wp-content\/uploads\/2023\/08\/z2.jpg 1200w, https:\/\/archive.sana.sy\/es\/wp-content\/uploads\/2023\/08\/z2-300x200.jpg 300w, https:\/\/archive.sana.sy\/es\/wp-content\/uploads\/2023\/08\/z2-1024x683.jpg 1024w, https:\/\/archive.sana.sy\/es\/wp-content\/uploads\/2023\/08\/z2-150x100.jpg 150w, https:\/\/archive.sana.sy\/es\/wp-content\/uploads\/2023\/08\/z2-768x512.jpg 768w\" sizes=\"(max-width: 1200px) 100vw, 1200px\" \/><\/a>\n\t\t\t<\/div><\/figure>\n\t\t<\/div>\n\n<p><iframe loading=\"lazy\" title=\"\u0645\u0627\u0630\u0627 \u0642\u0627\u0644\u062a \u0627\u0644\u0633\u064a\u062f\u0629 \u0627\u0644\u0623\u0648\u0644\u0649 \u0623\u0633\u0645\u0627\u0621 \u0627\u0644\u0623\u0633\u062f \u0641\u064a \u0645\u062c\u0645\u0651\u0639 \u0627\u0644\u0645\u062b\u0646\u0649 \u0627\u0644\u0625\u0646\u062a\u0627\u062c\u064a \u0628\u0631\u064a\u0641 \u0637\u0631\u0637\u0648\u0633\" src=\"https:\/\/www.youtube.com\/embed\/ffNHOck1_-E\" width=\"620\" height=\"348\" frameborder=\"0\" allowfullscreen=\"allowfullscreen\"><\/iframe><\/p>\n<p style=\"text-align: justify;\">fm\/as<\/p>\n","protected":false},"excerpt":{"rendered":"<p>\u201cLa mayor\u00eda de las cosas en la vida nacen peque\u00f1as y luego crecen, y esto se aplica a la persona, iniciativa, idea e incluso el proyecto\u2026 excepto la ambici\u00f3n, comienza grande y contin\u00faa grande, porque su base es la visi\u00f3n y la voluntad\u201d, afirm\u00f3 la Primera Dama. Tartous, 6 ago (SANA) La primera dama Asmaa &hellip;<\/p>\n","protected":false},"author":42,"featured_media":305692,"comment_status":"closed","ping_status":"closed","sticky":false,"template":"","format":"standard","meta":{"footnotes":""},"categories":[597,19549,20724,16237,583],"tags":[],"class_list":["post-305685","post","type-post","status-publish","format-standard","has-post-thumbnail","","category-cinta-de-noticias","category-ellas","category-minuto-a-minuto","category-presidence-de-la-republique-arabe-syria","category-slide"],"_links":{"self":[{"href":"https:\/\/archive.sana.sy\/es\/index.php?rest_route=\/wp\/v2\/posts\/305685"}],"collection":[{"href":"https:\/\/archive.sana.sy\/es\/index.php?rest_route=\/wp\/v2\/posts"}],"about":[{"href":"https:\/\/archive.sana.sy\/es\/index.php?rest_route=\/wp\/v2\/types\/post"}],"author":[{"embeddable":true,"href":"https:\/\/archive.sana.sy\/es\/index.php?rest_route=\/wp\/v2\/users\/42"}],"replies":[{"embeddable":true,"href":"https:\/\/archive.sana.sy\/es\/index.php?rest_route=%2Fwp%2Fv2%2Fcomments&post=305685"}],"version-history":[{"count":3,"href":"https:\/\/archive.sana.sy\/es\/index.php?rest_route=\/wp\/v2\/posts\/305685\/revisions"}],"predecessor-version":[{"id":305715,"href":"https:\/\/archive.sana.sy\/es\/index.php?rest_route=\/wp\/v2\/posts\/305685\/revisions\/305715"}],"wp:featuredmedia":[{"embeddable":true,"href":"https:\/\/archive.sana.sy\/es\/index.php?rest_route=\/wp\/v2\/media\/305692"}],"wp:attachment":[{"href":"https:\/\/archive.sana.sy\/es\/index.php?rest_route=%2Fwp%2Fv2%2Fmedia&parent=305685"}],"wp:term":[{"taxonomy":"category","embeddable":true,"href":"https:\/\/archive.sana.sy\/es\/index.php?rest_route=%2Fwp%2Fv2%2Fcategories&post=305685"},{"taxonomy":"post_tag","embeddable":true,"href":"https:\/\/archive.sana.sy\/es\/index.php?rest_route=%2Fwp%2Fv2%2Ftags&post=305685"}],"curies":[{"name":"wp","href":"https:\/\/api.w.org\/{rel}","templated":true}]}}