{"id":305737,"date":"2023-08-07T20:50:14","date_gmt":"2023-08-07T17:50:14","guid":{"rendered":"http:\/\/sana.sy\/es\/?p=305737"},"modified":"2023-08-07T20:56:33","modified_gmt":"2023-08-07T17:56:33","slug":"mueren-cinco-soldados-sirios-por-agresion-israeli-cerca-de-damasco","status":"publish","type":"post","link":"https:\/\/archive.sana.sy\/es\/?p=305737","title":{"rendered":"Mueren cinco soldados sirios por agresi\u00f3n israel\u00ed cerca de Damasco"},"content":{"rendered":"<p style=\"text-align: justify;\"><span style=\"color: #800000;\"><strong>Damasco, 7 ago (SANA) \u00a0<\/strong><\/span>\u201cAlrededor de la 2:20 am de este lunes, \u201cIsrael\u201d llev\u00f3 a cabo una agresi\u00f3n a\u00e9rea contra algunas posiciones en las inmediaciones de Damasco, la capital siria, inform\u00f3 hoy el Ministerio de Defensa de Siria por medio de una nota de prensa enviada a SANA.<\/p>\n<p style=\"text-align: justify;\">El ente castrense aclar\u00f3 que los misiles fueron disparados desde la direcci\u00f3n del Gol\u00e1n sirio ocupado, y las defensas a\u00e9reas interceptaron varios proyectiles.<\/p>\n<p style=\"text-align: justify;\">La agresi\u00f3n, seg\u00fan agrega el Ministerio, caus\u00f3 la muerte de cuatro militares y un igual n\u00famero resultaron heridos, adem\u00e1s de la ocurrencia de algunos da\u00f1os materiales.<\/p>\n<p style=\"text-align: justify;\">El Gobierno sirio denunci\u00f3 el pasado 26 de julio que las fuerzas israel\u00edes atacaron varias posiciones de las Fuerzas de Seguridad Interna, en la localidad de Al-Qahtaniya, en la provincia de Quneitra, a unos 70 kil\u00f3metros al suroeste de esta capital.<\/p>\n<p style=\"text-align: justify;\">\u201cIsrael\u201d agrede con frecuencia el territorio de Siria bajo el pretexto de atentar contra blancos iran\u00edes, mientras Damasco asegura que estos enfrentamientos provocan v\u00edctimas en la poblaci\u00f3n civil, pretenden prolongar la guerra, mantener inestable al pa\u00eds y debilitar su ej\u00e9rcito nacional.<\/p>\n<p style=\"text-align: justify;\">fm<\/p>\n","protected":false},"excerpt":{"rendered":"<p>Damasco, 7 ago (SANA) \u00a0\u201cAlrededor de la 2:20 am de este lunes, \u201cIsrael\u201d llev\u00f3 a cabo una agresi\u00f3n a\u00e9rea contra algunas posiciones en las inmediaciones de Damasco, la capital siria, inform\u00f3 hoy el Ministerio de Defensa de Siria por medio de una nota de prensa enviada a SANA. El ente castrense aclar\u00f3 que los misiles &hellip;<\/p>\n","protected":false},"author":34,"featured_media":305738,"comment_status":"closed","ping_status":"closed","sticky":false,"template":"","format":"standard","meta":{"footnotes":""},"categories":[477,447,597,20724,476,7541],"tags":[],"class_list":["post-305737","post","type-post","status-publish","format-standard","has-post-thumbnail","","category-noticias-edulcorantes","category-local-politica","category-cinta-de-noticias","category-minuto-a-minuto","category-locales","category-ultimas-noticias"],"_links":{"self":[{"href":"https:\/\/archive.sana.sy\/es\/index.php?rest_route=\/wp\/v2\/posts\/305737"}],"collection":[{"href":"https:\/\/archive.sana.sy\/es\/index.php?rest_route=\/wp\/v2\/posts"}],"about":[{"href":"https:\/\/archive.sana.sy\/es\/index.php?rest_route=\/wp\/v2\/types\/post"}],"author":[{"embeddable":true,"href":"https:\/\/archive.sana.sy\/es\/index.php?rest_route=\/wp\/v2\/users\/34"}],"replies":[{"embeddable":true,"href":"https:\/\/archive.sana.sy\/es\/index.php?rest_route=%2Fwp%2Fv2%2Fcomments&post=305737"}],"version-history":[{"count":1,"href":"https:\/\/archive.sana.sy\/es\/index.php?rest_route=\/wp\/v2\/posts\/305737\/revisions"}],"predecessor-version":[{"id":305739,"href":"https:\/\/archive.sana.sy\/es\/index.php?rest_route=\/wp\/v2\/posts\/305737\/revisions\/305739"}],"wp:featuredmedia":[{"embeddable":true,"href":"https:\/\/archive.sana.sy\/es\/index.php?rest_route=\/wp\/v2\/media\/305738"}],"wp:attachment":[{"href":"https:\/\/archive.sana.sy\/es\/index.php?rest_route=%2Fwp%2Fv2%2Fmedia&parent=305737"}],"wp:term":[{"taxonomy":"category","embeddable":true,"href":"https:\/\/archive.sana.sy\/es\/index.php?rest_route=%2Fwp%2Fv2%2Fcategories&post=305737"},{"taxonomy":"post_tag","embeddable":true,"href":"https:\/\/archive.sana.sy\/es\/index.php?rest_route=%2Fwp%2Fv2%2Ftags&post=305737"}],"curies":[{"name":"wp","href":"https:\/\/api.w.org\/{rel}","templated":true}]}}