{"id":30578,"date":"2015-09-26T17:30:13","date_gmt":"2015-09-26T14:30:13","guid":{"rendered":"http:\/\/sana.sy\/es\/?p=30578"},"modified":"2015-09-27T13:22:50","modified_gmt":"2015-09-27T10:22:50","slug":"primer-ministro-visita-a-instalaciones-estatales-en-las-afueras-de-damasco","status":"publish","type":"post","link":"https:\/\/archive.sana.sy\/es\/?p=30578","title":{"rendered":"Primer Ministro inspecciona funcionamiento de instalaciones estatales en las afueras de Damasco"},"content":{"rendered":"<p><span style=\"color: #800000\">Damasco-campo, SANA<\/span><\/p>\n<p>Atendiendo los \u00f3rdenes del presidente Bashar al-Assad, el primer ministro, Wael al-Halqui ha efectuado este s\u00e1bado una gira en la Compa\u00f1\u00eda de Cemento en Adra y la Unidad de Embotellado del Agua de Ein al-Fiyeh en Yamraya situadas en las afueras de Damasco.<\/p>\n<p>Al-Halqui destac\u00f3 que esta gira va en el marco de las instrucciones del presidente al-Assad de mantener contacto con todos los sectores de producci\u00f3n, y ensalz\u00f3 la determinaci\u00f3n de los obreros sirios de trabajar durante los d\u00edas festivos de Eid al-Adha.<\/p>\n<p>En declaraciones concedidas a la prensa, el jefe del Gabinete se\u00f1al\u00f3 que la Compa\u00f1\u00eda de Cemento de Adra goza de un inter\u00e9s particular por parte del Gobierno, especialmente que la misma se considera uno de los sectores vinculados directamente con la reconstrucci\u00f3n del pa\u00eds.<\/p>\n<p>Asimismo revel\u00f3 que la Compa\u00f1\u00eda suministra cemento a las cincos provincias sure\u00f1as de Siria y produce unos 2200 toneladas a diario.<\/p>\n<p>Por otro lado, el Primer Ministro se\u00f1al\u00f3 que el Comit\u00e9 para Asuntos Econ\u00f3micos en el Consejo de Ministros emiti\u00f3 una recomendaci\u00f3n de impedir la importaci\u00f3n del cemento a fin de proteger la industria nacional, precisando que la producci\u00f3n satisface todas las necesidades del mercado local pese a que algunas f\u00e1bricas dejaran de funcionar a ra\u00edz de los actos terroristas.<\/p>\n<p>Asimismo aludi\u00f3 a la alta capacidad productiva de las unidades de Embotellado del Agua potable en Damasco-campo y Tartous.<\/p>\n<p>El jefe del Gabinete visit\u00f3 tambi\u00e9n una unidad del ej\u00e9rcito sirio en Damasco-campo y trasmiti\u00f3 a los soldados los sinceros saludos del presidente al-Assad.<\/p>\n<p>Al-Halqui enfatiz\u00f3 que Siria vencer\u00e1 el terrorismo gracias a los sacrificios de sus soldados, obreros y todos los honestos de la patria.<\/p>\n<div id='gallery-1' class='gallery galleryid-30578 gallery-columns-3 gallery-size-thumbnail'><figure class='gallery-item'>\n\t\t\t<div class='gallery-icon landscape'>\n\t\t\t\t<a href='https:\/\/archive.sana.sy\/es\/wp-content\/uploads\/2015\/09\/Halqui-2.jpg'><img loading=\"lazy\" decoding=\"async\" width=\"150\" height=\"102\" src=\"https:\/\/archive.sana.sy\/es\/wp-content\/uploads\/2015\/09\/Halqui-2-150x102.jpg\" class=\"attachment-thumbnail size-thumbnail\" alt=\"\" srcset=\"https:\/\/archive.sana.sy\/es\/wp-content\/uploads\/2015\/09\/Halqui-2-150x102.jpg 150w, https:\/\/archive.sana.sy\/es\/wp-content\/uploads\/2015\/09\/Halqui-2-300x203.jpg 300w, https:\/\/archive.sana.sy\/es\/wp-content\/uploads\/2015\/09\/Halqui-2-1024x693.jpg 1024w\" sizes=\"(max-width: 150px) 100vw, 150px\" \/><\/a>\n\t\t\t<\/div><\/figure><figure class='gallery-item'>\n\t\t\t<div class='gallery-icon landscape'>\n\t\t\t\t<a href='https:\/\/archive.sana.sy\/es\/wp-content\/uploads\/2015\/09\/Compa\u00f1\u00eda-de-Cemento-de-Adraa.jpg'><img loading=\"lazy\" decoding=\"async\" width=\"150\" height=\"100\" src=\"https:\/\/archive.sana.sy\/es\/wp-content\/uploads\/2015\/09\/Compa\u00f1\u00eda-de-Cemento-de-Adraa-150x100.jpg\" class=\"attachment-thumbnail size-thumbnail\" alt=\"\" srcset=\"https:\/\/archive.sana.sy\/es\/wp-content\/uploads\/2015\/09\/Compa\u00f1\u00eda-de-Cemento-de-Adraa-150x100.jpg 150w, https:\/\/archive.sana.sy\/es\/wp-content\/uploads\/2015\/09\/Compa\u00f1\u00eda-de-Cemento-de-Adraa-300x200.jpg 300w, https:\/\/archive.sana.sy\/es\/wp-content\/uploads\/2015\/09\/Compa\u00f1\u00eda-de-Cemento-de-Adraa-1024x681.jpg 1024w\" sizes=\"(max-width: 150px) 100vw, 150px\" \/><\/a>\n\t\t\t<\/div><\/figure><figure class='gallery-item'>\n\t\t\t<div class='gallery-icon landscape'>\n\t\t\t\t<a href='https:\/\/archive.sana.sy\/es\/wp-content\/uploads\/2015\/09\/Compa\u00f1\u00eda-de-Cemento-de-Adraa-1.jpg'><img loading=\"lazy\" decoding=\"async\" width=\"150\" height=\"100\" src=\"https:\/\/archive.sana.sy\/es\/wp-content\/uploads\/2015\/09\/Compa\u00f1\u00eda-de-Cemento-de-Adraa-1-150x100.jpg\" class=\"attachment-thumbnail size-thumbnail\" alt=\"\" srcset=\"https:\/\/archive.sana.sy\/es\/wp-content\/uploads\/2015\/09\/Compa\u00f1\u00eda-de-Cemento-de-Adraa-1-150x100.jpg 150w, https:\/\/archive.sana.sy\/es\/wp-content\/uploads\/2015\/09\/Compa\u00f1\u00eda-de-Cemento-de-Adraa-1-300x200.jpg 300w, https:\/\/archive.sana.sy\/es\/wp-content\/uploads\/2015\/09\/Compa\u00f1\u00eda-de-Cemento-de-Adraa-1-1024x681.jpg 1024w\" sizes=\"(max-width: 150px) 100vw, 150px\" \/><\/a>\n\t\t\t<\/div><\/figure>\n\t\t<\/div>\n\n<p>&nbsp;<\/p>\n<p>Lynn A.<\/p>\n","protected":false},"excerpt":{"rendered":"<p>Damasco-campo, SANA Atendiendo los \u00f3rdenes del presidente Bashar al-Assad, el primer ministro, Wael al-Halqui ha efectuado este s\u00e1bado una gira en la Compa\u00f1\u00eda de Cemento en Adra y la Unidad de Embotellado del Agua de Ein al-Fiyeh en Yamraya situadas en las afueras de Damasco. Al-Halqui destac\u00f3 que esta gira va en el marco de &hellip;<\/p>\n","protected":false},"author":24,"featured_media":30579,"comment_status":"closed","ping_status":"closed","sticky":false,"template":"","format":"standard","meta":{"footnotes":""},"categories":[477,476],"tags":[6774],"class_list":["post-30578","post","type-post","status-publish","format-standard","has-post-thumbnail","","category-noticias-edulcorantes","category-locales","tag-primer-ministro-visita-a-instalaciones-estatales-en-las-afueras-de-damasco"],"_links":{"self":[{"href":"https:\/\/archive.sana.sy\/es\/index.php?rest_route=\/wp\/v2\/posts\/30578"}],"collection":[{"href":"https:\/\/archive.sana.sy\/es\/index.php?rest_route=\/wp\/v2\/posts"}],"about":[{"href":"https:\/\/archive.sana.sy\/es\/index.php?rest_route=\/wp\/v2\/types\/post"}],"author":[{"embeddable":true,"href":"https:\/\/archive.sana.sy\/es\/index.php?rest_route=\/wp\/v2\/users\/24"}],"replies":[{"embeddable":true,"href":"https:\/\/archive.sana.sy\/es\/index.php?rest_route=%2Fwp%2Fv2%2Fcomments&post=30578"}],"version-history":[{"count":0,"href":"https:\/\/archive.sana.sy\/es\/index.php?rest_route=\/wp\/v2\/posts\/30578\/revisions"}],"wp:featuredmedia":[{"embeddable":true,"href":"https:\/\/archive.sana.sy\/es\/index.php?rest_route=\/wp\/v2\/media\/30579"}],"wp:attachment":[{"href":"https:\/\/archive.sana.sy\/es\/index.php?rest_route=%2Fwp%2Fv2%2Fmedia&parent=30578"}],"wp:term":[{"taxonomy":"category","embeddable":true,"href":"https:\/\/archive.sana.sy\/es\/index.php?rest_route=%2Fwp%2Fv2%2Fcategories&post=30578"},{"taxonomy":"post_tag","embeddable":true,"href":"https:\/\/archive.sana.sy\/es\/index.php?rest_route=%2Fwp%2Fv2%2Ftags&post=30578"}],"curies":[{"name":"wp","href":"https:\/\/api.w.org\/{rel}","templated":true}]}}