{"id":305834,"date":"2023-08-08T14:28:47","date_gmt":"2023-08-08T11:28:47","guid":{"rendered":"http:\/\/sana.sy\/es\/?p=305834"},"modified":"2023-08-08T14:33:23","modified_gmt":"2023-08-08T11:33:23","slug":"presidente-al-assad-nombra-a-nuevo-ministro-de-educacion","status":"publish","type":"post","link":"https:\/\/archive.sana.sy\/es\/?p=305834","title":{"rendered":"Presidente al-Assad nombra a nuevo ministro de Educaci\u00f3n"},"content":{"rendered":"<p style=\"text-align: justify;\"><span style=\"color: #800000;\"><strong>Damasco, 08 ago (SANA)\u00a0<\/strong> <\/span>\u00a0El presidente Bashar Al-Assad, emiti\u00f3 el decreto No. 206 para el a\u00f1o 2023 que nombra a Muhammad Amer Mardini como nuevo Ministro de Educaci\u00f3n.<\/p>\n<p style=\"text-align: justify;\">El nuevo ministro sustituye al anterior Darem Tabaa quien llevaba en el cargo desde 2020.<\/p>\n<p style=\"text-align: justify;\">ed\/fm<\/p>\n","protected":false},"excerpt":{"rendered":"<p>Damasco, 08 ago (SANA)\u00a0 \u00a0El presidente Bashar Al-Assad, emiti\u00f3 el decreto No. 206 para el a\u00f1o 2023 que nombra a Muhammad Amer Mardini como nuevo Ministro de Educaci\u00f3n. El nuevo ministro sustituye al anterior Darem Tabaa quien llevaba en el cargo desde 2020. ed\/fm<\/p>\n","protected":false},"author":32,"featured_media":305843,"comment_status":"closed","ping_status":"closed","sticky":false,"template":"","format":"standard","meta":{"footnotes":""},"categories":[477,597,20724,476,16237,583,626],"tags":[],"class_list":["post-305834","post","type-post","status-publish","format-standard","has-post-thumbnail","","category-noticias-edulcorantes","category-cinta-de-noticias","category-minuto-a-minuto","category-locales","category-presidence-de-la-republique-arabe-syria","category-slide","category-sr-presidente"],"_links":{"self":[{"href":"https:\/\/archive.sana.sy\/es\/index.php?rest_route=\/wp\/v2\/posts\/305834"}],"collection":[{"href":"https:\/\/archive.sana.sy\/es\/index.php?rest_route=\/wp\/v2\/posts"}],"about":[{"href":"https:\/\/archive.sana.sy\/es\/index.php?rest_route=\/wp\/v2\/types\/post"}],"author":[{"embeddable":true,"href":"https:\/\/archive.sana.sy\/es\/index.php?rest_route=\/wp\/v2\/users\/32"}],"replies":[{"embeddable":true,"href":"https:\/\/archive.sana.sy\/es\/index.php?rest_route=%2Fwp%2Fv2%2Fcomments&post=305834"}],"version-history":[{"count":1,"href":"https:\/\/archive.sana.sy\/es\/index.php?rest_route=\/wp\/v2\/posts\/305834\/revisions"}],"predecessor-version":[{"id":305840,"href":"https:\/\/archive.sana.sy\/es\/index.php?rest_route=\/wp\/v2\/posts\/305834\/revisions\/305840"}],"wp:featuredmedia":[{"embeddable":true,"href":"https:\/\/archive.sana.sy\/es\/index.php?rest_route=\/wp\/v2\/media\/305843"}],"wp:attachment":[{"href":"https:\/\/archive.sana.sy\/es\/index.php?rest_route=%2Fwp%2Fv2%2Fmedia&parent=305834"}],"wp:term":[{"taxonomy":"category","embeddable":true,"href":"https:\/\/archive.sana.sy\/es\/index.php?rest_route=%2Fwp%2Fv2%2Fcategories&post=305834"},{"taxonomy":"post_tag","embeddable":true,"href":"https:\/\/archive.sana.sy\/es\/index.php?rest_route=%2Fwp%2Fv2%2Ftags&post=305834"}],"curies":[{"name":"wp","href":"https:\/\/api.w.org\/{rel}","templated":true}]}}