{"id":30584,"date":"2015-09-26T15:47:44","date_gmt":"2015-09-26T12:47:44","guid":{"rendered":"http:\/\/sana.sy\/es\/?p=30584"},"modified":"2015-09-26T15:49:46","modified_gmt":"2015-09-26T12:49:46","slug":"partido-al-baath-denuncia-secuestro-de-yanud-a-manos-de-terroristas","status":"publish","type":"post","link":"https:\/\/archive.sana.sy\/es\/?p=30584","title":{"rendered":"Partido al-Baath denuncia secuestro de Yanud a manos de terroristas"},"content":{"rendered":"<p><span style=\"color: #800000\">Damasco, SANA<\/span><\/p>\n<p>La Direcci\u00f3n Regional del Partido \u00c1rabe Socialista de al-Baath denunci\u00f3 el secuestro de Shebli Yunud, secretario del sucursal del partido en Sweida por parte de terroristas.<\/p>\n<p>En un comunicado emitido este s\u00e1bado, la Direcci\u00f3n Regional de al-Baath se\u00f1al\u00f3 que cualquier intento de emplear este acto cobarde en afectar la resistencia y la unidad de los vecinos de Yabal al-Arab terminar\u00e1 en fracaso.<\/p>\n<p>Asimismo advirti\u00f3 de cualquier intento de amenazar la vida de Yanud, asegurando que el partido al-Baath no escatimar\u00e1 ning\u00fan esfuerzo para conocer el paradero del mismo y liberarlo de sus secuestradores.<\/p>\n<p>Aludi\u00f3 a la adhesi\u00f3n de Yanud a las causas de su patria y su partido, recalcando que cualquier intento de atribuirle declaraciones que puedan alterar su trayectoria de lucha ser\u00e1 rechazado por todos los sirios, especialmente los vecinos de Sweida.<\/p>\n<p>Es de se\u00f1alar que una fuente policial inform\u00f3 ayer que el contacto con el secretario se perdi\u00f3 a las 9:00 de la ma\u00f1ana del mi\u00e9rcoles, agregando que su coche se encontr\u00f3 quemado por completo en la zona de Abd Mar, en la carretera principal a 4 k\/m al sureste de la ciudad de Saljad.<\/p>\n<p>&nbsp;<\/p>\n<p>Lynn A.<\/p>\n","protected":false},"excerpt":{"rendered":"<p>Damasco, SANA La Direcci\u00f3n Regional del Partido \u00c1rabe Socialista de al-Baath denunci\u00f3 el secuestro de Shebli Yunud, secretario del sucursal del partido en Sweida por parte de terroristas. En un comunicado emitido este s\u00e1bado, la Direcci\u00f3n Regional de al-Baath se\u00f1al\u00f3 que cualquier intento de emplear este acto cobarde en afectar la resistencia y la unidad &hellip;<\/p>\n","protected":false},"author":24,"featured_media":12556,"comment_status":"closed","ping_status":"closed","sticky":false,"template":"","format":"standard","meta":{"footnotes":""},"categories":[477,476],"tags":[6775],"class_list":["post-30584","post","type-post","status-publish","format-standard","has-post-thumbnail","","category-noticias-edulcorantes","category-locales","tag-partido-al-baath-denuncia-secuestro-de-yanud-a-manos-de-terroristas"],"_links":{"self":[{"href":"https:\/\/archive.sana.sy\/es\/index.php?rest_route=\/wp\/v2\/posts\/30584"}],"collection":[{"href":"https:\/\/archive.sana.sy\/es\/index.php?rest_route=\/wp\/v2\/posts"}],"about":[{"href":"https:\/\/archive.sana.sy\/es\/index.php?rest_route=\/wp\/v2\/types\/post"}],"author":[{"embeddable":true,"href":"https:\/\/archive.sana.sy\/es\/index.php?rest_route=\/wp\/v2\/users\/24"}],"replies":[{"embeddable":true,"href":"https:\/\/archive.sana.sy\/es\/index.php?rest_route=%2Fwp%2Fv2%2Fcomments&post=30584"}],"version-history":[{"count":0,"href":"https:\/\/archive.sana.sy\/es\/index.php?rest_route=\/wp\/v2\/posts\/30584\/revisions"}],"wp:featuredmedia":[{"embeddable":true,"href":"https:\/\/archive.sana.sy\/es\/index.php?rest_route=\/wp\/v2\/media\/12556"}],"wp:attachment":[{"href":"https:\/\/archive.sana.sy\/es\/index.php?rest_route=%2Fwp%2Fv2%2Fmedia&parent=30584"}],"wp:term":[{"taxonomy":"category","embeddable":true,"href":"https:\/\/archive.sana.sy\/es\/index.php?rest_route=%2Fwp%2Fv2%2Fcategories&post=30584"},{"taxonomy":"post_tag","embeddable":true,"href":"https:\/\/archive.sana.sy\/es\/index.php?rest_route=%2Fwp%2Fv2%2Ftags&post=30584"}],"curies":[{"name":"wp","href":"https:\/\/api.w.org\/{rel}","templated":true}]}}