{"id":305907,"date":"2023-08-08T21:49:15","date_gmt":"2023-08-08T18:49:15","guid":{"rendered":"http:\/\/sana.sy\/es\/?p=305907"},"modified":"2023-08-09T10:41:57","modified_gmt":"2023-08-09T07:41:57","slug":"el-presidente-al-assad-concede-una-entrevista-exclusiva-al-canal-sky-news-arabia-la-cual-sera-transmitida-manana","status":"publish","type":"post","link":"https:\/\/archive.sana.sy\/es\/?p=305907","title":{"rendered":"El presidente Al-Assad concede una entrevista exclusiva al canal Sky News Arabia la cual ser\u00e1 transmitida ma\u00f1ana"},"content":{"rendered":"<p style=\"text-align: justify;\"><span style=\"color: #800000;\"><strong>Damasco, 08 ago (SANA) <\/strong><\/span>El presidente sirio Bashar Al-Assad, concede una entrevista exclusiva al canal Sky News Arabia, la cual ser\u00e1 transmitida la tarde de este mi\u00e9rcoles, 9 de agosto.<\/p>\n<p style=\"text-align: justify;\">El mandatario abordar\u00e1 una serie de temas como la guerra, el terrorismo, las drogas, los refugiados y su retorno, los desaf\u00edos que enfrenta la econom\u00eda nacional, el futuro de las relaciones sirio-\u00e1rabes, la situaci\u00f3n en el L\u00edbano y la postura siria hacia Hamas, la relaci\u00f3n con los aliados y la disputa con Erdogan.<\/p>\n<p style=\"text-align: justify;\">\n","protected":false},"excerpt":{"rendered":"<p>Damasco, 08 ago (SANA) El presidente sirio Bashar Al-Assad, concede una entrevista exclusiva al canal Sky News Arabia, la cual ser\u00e1 transmitida la tarde de este mi\u00e9rcoles, 9 de agosto. El mandatario abordar\u00e1 una serie de temas como la guerra, el terrorismo, las drogas, los refugiados y su retorno, los desaf\u00edos que enfrenta la econom\u00eda &hellip;<\/p>\n","protected":false},"author":39,"featured_media":305911,"comment_status":"closed","ping_status":"closed","sticky":false,"template":"","format":"standard","meta":{"footnotes":""},"categories":[477,597,476,16237,626],"tags":[],"class_list":["post-305907","post","type-post","status-publish","format-standard","has-post-thumbnail","","category-noticias-edulcorantes","category-cinta-de-noticias","category-locales","category-presidence-de-la-republique-arabe-syria","category-sr-presidente"],"_links":{"self":[{"href":"https:\/\/archive.sana.sy\/es\/index.php?rest_route=\/wp\/v2\/posts\/305907"}],"collection":[{"href":"https:\/\/archive.sana.sy\/es\/index.php?rest_route=\/wp\/v2\/posts"}],"about":[{"href":"https:\/\/archive.sana.sy\/es\/index.php?rest_route=\/wp\/v2\/types\/post"}],"author":[{"embeddable":true,"href":"https:\/\/archive.sana.sy\/es\/index.php?rest_route=\/wp\/v2\/users\/39"}],"replies":[{"embeddable":true,"href":"https:\/\/archive.sana.sy\/es\/index.php?rest_route=%2Fwp%2Fv2%2Fcomments&post=305907"}],"version-history":[{"count":1,"href":"https:\/\/archive.sana.sy\/es\/index.php?rest_route=\/wp\/v2\/posts\/305907\/revisions"}],"predecessor-version":[{"id":305909,"href":"https:\/\/archive.sana.sy\/es\/index.php?rest_route=\/wp\/v2\/posts\/305907\/revisions\/305909"}],"wp:featuredmedia":[{"embeddable":true,"href":"https:\/\/archive.sana.sy\/es\/index.php?rest_route=\/wp\/v2\/media\/305911"}],"wp:attachment":[{"href":"https:\/\/archive.sana.sy\/es\/index.php?rest_route=%2Fwp%2Fv2%2Fmedia&parent=305907"}],"wp:term":[{"taxonomy":"category","embeddable":true,"href":"https:\/\/archive.sana.sy\/es\/index.php?rest_route=%2Fwp%2Fv2%2Fcategories&post=305907"},{"taxonomy":"post_tag","embeddable":true,"href":"https:\/\/archive.sana.sy\/es\/index.php?rest_route=%2Fwp%2Fv2%2Ftags&post=305907"}],"curies":[{"name":"wp","href":"https:\/\/api.w.org\/{rel}","templated":true}]}}