{"id":30591,"date":"2015-09-26T17:23:26","date_gmt":"2015-09-26T14:23:26","guid":{"rendered":"http:\/\/sana.sy\/es\/?p=30591"},"modified":"2015-09-26T17:26:28","modified_gmt":"2015-09-26T14:26:28","slug":"rusia-siria-irak-e-iran-crean-un-centro-de-informacion-para-luchar-contra-el-ei","status":"publish","type":"post","link":"https:\/\/archive.sana.sy\/es\/?p=30591","title":{"rendered":"Rusia, Siria, Irak e Ir\u00e1n crean centro de informaci\u00f3n en el marco de la lucha contra el EI"},"content":{"rendered":"<p><span style=\"color: #800000\">Mosc\u00fa, SANA<\/span><\/p>\n<p>Una fuente militar-diplom\u00e1tica rusa divulg\u00f3 este s\u00e1bado que Rusia, Siria, Irak e Ir\u00e1n decidieron crear un centro de informaci\u00f3n con sede en Bagdad para coordinar la lucha contra la organizaci\u00f3n terrorista del Estado isl\u00e1mico.<\/p>\n<p>\u201cEl centro incluir\u00e1 a los representantes de los Estados Mayores de estos pa\u00edses y se dedicar\u00e1 a recoger, redactar, resumir y analizar la informaci\u00f3n actual sobre la situaci\u00f3n en la regi\u00f3n de Pr\u00f3ximo Oriente en el contexto de la lucha contra el EI y luego a distribuir estas informaciones a los Estados Mayores de los pa\u00edses participantes en este centro&#8221;, aclar\u00f3.<\/p>\n<p>Rusia, Siria, Ir\u00e1n e Irak gestionar\u00e1n el centro de forma rotativa durante tres meses, y la parte iraqu\u00ed encabezar\u00e1 primero la estructura seg\u00fan lo acordado por los cuatros pa\u00edses, inform\u00f3.<\/p>\n<p>La creaci\u00f3n de este centro allanar\u00e1 el camino hacia unir los esfuerzos de todos los pa\u00edses de la regi\u00f3n en contra del terrorismo internacional, sobre todo la organizaci\u00f3n del Estado Isl\u00e1mico, enfatiz\u00f3 la fuente rusa.<\/p>\n<p>&nbsp;<br \/>\nLynn A.<\/p>\n","protected":false},"excerpt":{"rendered":"<p>Mosc\u00fa, SANA Una fuente militar-diplom\u00e1tica rusa divulg\u00f3 este s\u00e1bado que Rusia, Siria, Irak e Ir\u00e1n decidieron crear un centro de informaci\u00f3n con sede en Bagdad para coordinar la lucha contra la organizaci\u00f3n terrorista del Estado isl\u00e1mico. \u201cEl centro incluir\u00e1 a los representantes de los Estados Mayores de estos pa\u00edses y se dedicar\u00e1 a recoger, redactar, &hellip;<\/p>\n","protected":false},"author":24,"featured_media":30592,"comment_status":"closed","ping_status":"closed","sticky":false,"template":"","format":"standard","meta":{"footnotes":""},"categories":[597,456,457,576],"tags":[6776,6695,6553],"class_list":["post-30591","post","type-post","status-publish","format-standard","has-post-thumbnail","","category-cinta-de-noticias","category-arabe-internacional-politica","category-noticias-arabe-internacional-politica","category-noticias-politicas","tag-irak-e-iran-crean-un-centro-de-informacion-para-luchar-contra-el-ei","tag-rusia","tag-siria"],"_links":{"self":[{"href":"https:\/\/archive.sana.sy\/es\/index.php?rest_route=\/wp\/v2\/posts\/30591"}],"collection":[{"href":"https:\/\/archive.sana.sy\/es\/index.php?rest_route=\/wp\/v2\/posts"}],"about":[{"href":"https:\/\/archive.sana.sy\/es\/index.php?rest_route=\/wp\/v2\/types\/post"}],"author":[{"embeddable":true,"href":"https:\/\/archive.sana.sy\/es\/index.php?rest_route=\/wp\/v2\/users\/24"}],"replies":[{"embeddable":true,"href":"https:\/\/archive.sana.sy\/es\/index.php?rest_route=%2Fwp%2Fv2%2Fcomments&post=30591"}],"version-history":[{"count":0,"href":"https:\/\/archive.sana.sy\/es\/index.php?rest_route=\/wp\/v2\/posts\/30591\/revisions"}],"wp:featuredmedia":[{"embeddable":true,"href":"https:\/\/archive.sana.sy\/es\/index.php?rest_route=\/wp\/v2\/media\/30592"}],"wp:attachment":[{"href":"https:\/\/archive.sana.sy\/es\/index.php?rest_route=%2Fwp%2Fv2%2Fmedia&parent=30591"}],"wp:term":[{"taxonomy":"category","embeddable":true,"href":"https:\/\/archive.sana.sy\/es\/index.php?rest_route=%2Fwp%2Fv2%2Fcategories&post=30591"},{"taxonomy":"post_tag","embeddable":true,"href":"https:\/\/archive.sana.sy\/es\/index.php?rest_route=%2Fwp%2Fv2%2Ftags&post=30591"}],"curies":[{"name":"wp","href":"https:\/\/api.w.org\/{rel}","templated":true}]}}