{"id":305931,"date":"2023-08-09T12:31:35","date_gmt":"2023-08-09T09:31:35","guid":{"rendered":"https:\/\/sana.sy\/es\/?p=305931"},"modified":"2023-08-09T19:27:46","modified_gmt":"2023-08-09T16:27:46","slug":"dos-periodistas-sirios-y-dos-militares-mueren-en-atentado-terrorista-en-el-sur-de-siria","status":"publish","type":"post","link":"https:\/\/archive.sana.sy\/es\/?p=305931","title":{"rendered":"Un periodista sirio muere y otro sale ileso en atentado terrorista en el sur de Siria"},"content":{"rendered":"<p style=\"text-align: justify\"><span style=\"color: #800000\"><strong>Damasco, 09 ago (SANA) <\/strong><\/span>El corresponsal del canal Sama, Firas Al-Ahmad, perdi\u00f3 la vida hoy, mientras el camar\u00f3grafo del noticiero del canal estatal Al-Suriya TV, Ahmed Al-Masalmeh, sali\u00f3 ileso hoy por la explosi\u00f3n de un bomba en la provincia sure\u00f1a de Deraa.<\/p>\n<p style=\"text-align: justify\">En el atentado que ocurri\u00f3 en el \u00e1rea de Al-Shayah, murieron tambi\u00e9n tres militares sirios.<\/p>\n<p style=\"text-align: justify\">Los periodistas estaban en camino de regreso tras hacer una cobertura a una operaci\u00f3n de las autoridades sirias contra el tr\u00e1fico de drogas.<\/p>\n<h4 class=\"post-box-title\"><span style=\"color: #0000ff\">Periodistas de Siria condenan asesinato de su colega del canal Sama TV<\/span><\/h4>\n<p>La Uni\u00f3n de Periodistas de Siria (UPS) conden\u00f3 hoy el atentado terrorista que tuvo como blanco a un equipo de periodistas del canal sirio Sama TV en la provincia sure\u00f1a de Deraa, lo que provoc\u00f3 la muerte del corresponsal, Firas Al-Ahmad.<\/p>\n<p>En un comunicado, la UPS indic\u00f3 que los grupos terroristas y sus patrocinadores atacaron en numerosas ocasiones a los comunicadores sirios que se han esforzado para desmentir las falsas noticias y desenmascarar la tergiversaci\u00f3n medi\u00e1tica que ejercen los pa\u00edses hostiles a Siria.<\/p>\n<p>\u201cLa cifra de los periodistas sirios que perdieron su vida mientras cumpl\u00edan su deber patri\u00f3tico supera ya los 50, s\u00famales los lesionados\u201d, aclar\u00f3 la entidad.<\/p>\n<p>Asegur\u00f3 que los periodistas sirios seguir\u00e1n trabajando para enfrentar todo lo que amenaza la seguridad de la patria y los civiles, y dirigi\u00f3 un llamamiento a las federaciones y organismos de periodistas \u00e1rabes, regionales e internacionales para condenar este acto terrorista y no dejar impunes a los criminales y sus amos.<\/p>\n<p style=\"text-align: justify\">fm\/as<\/p>\n","protected":false},"excerpt":{"rendered":"<p>Damasco, 09 ago (SANA) El corresponsal del canal Sama, Firas Al-Ahmad, perdi\u00f3 la vida hoy, mientras el camar\u00f3grafo del noticiero del canal estatal Al-Suriya TV, Ahmed Al-Masalmeh, sali\u00f3 ileso hoy por la explosi\u00f3n de un bomba en la provincia sure\u00f1a de Deraa. En el atentado que ocurri\u00f3 en el \u00e1rea de Al-Shayah, murieron tambi\u00e9n tres &hellip;<\/p>\n","protected":false},"author":42,"featured_media":305943,"comment_status":"closed","ping_status":"closed","sticky":false,"template":"","format":"standard","meta":{"footnotes":""},"categories":[597,20724,476,16688,583],"tags":[],"class_list":["post-305931","post","type-post","status-publish","format-standard","has-post-thumbnail","","category-cinta-de-noticias","category-minuto-a-minuto","category-locales","category-nacionales","category-slide"],"_links":{"self":[{"href":"https:\/\/archive.sana.sy\/es\/index.php?rest_route=\/wp\/v2\/posts\/305931"}],"collection":[{"href":"https:\/\/archive.sana.sy\/es\/index.php?rest_route=\/wp\/v2\/posts"}],"about":[{"href":"https:\/\/archive.sana.sy\/es\/index.php?rest_route=\/wp\/v2\/types\/post"}],"author":[{"embeddable":true,"href":"https:\/\/archive.sana.sy\/es\/index.php?rest_route=\/wp\/v2\/users\/42"}],"replies":[{"embeddable":true,"href":"https:\/\/archive.sana.sy\/es\/index.php?rest_route=%2Fwp%2Fv2%2Fcomments&post=305931"}],"version-history":[{"count":9,"href":"https:\/\/archive.sana.sy\/es\/index.php?rest_route=\/wp\/v2\/posts\/305931\/revisions"}],"predecessor-version":[{"id":305999,"href":"https:\/\/archive.sana.sy\/es\/index.php?rest_route=\/wp\/v2\/posts\/305931\/revisions\/305999"}],"wp:featuredmedia":[{"embeddable":true,"href":"https:\/\/archive.sana.sy\/es\/index.php?rest_route=\/wp\/v2\/media\/305943"}],"wp:attachment":[{"href":"https:\/\/archive.sana.sy\/es\/index.php?rest_route=%2Fwp%2Fv2%2Fmedia&parent=305931"}],"wp:term":[{"taxonomy":"category","embeddable":true,"href":"https:\/\/archive.sana.sy\/es\/index.php?rest_route=%2Fwp%2Fv2%2Fcategories&post=305931"},{"taxonomy":"post_tag","embeddable":true,"href":"https:\/\/archive.sana.sy\/es\/index.php?rest_route=%2Fwp%2Fv2%2Ftags&post=305931"}],"curies":[{"name":"wp","href":"https:\/\/api.w.org\/{rel}","templated":true}]}}