{"id":305970,"date":"2023-08-09T17:36:15","date_gmt":"2023-08-09T14:36:15","guid":{"rendered":"http:\/\/sana.sy\/es\/?p=305970"},"modified":"2023-08-09T17:52:46","modified_gmt":"2023-08-09T14:52:46","slug":"federacion-de-periodistas-de-siria-llama-a-condenar-el-asesinato-del-corresponsal-de-sama-tv-en-deraa-a-manos-de-terroristas","status":"publish","type":"post","link":"https:\/\/archive.sana.sy\/es\/?p=305970","title":{"rendered":"Periodistas de Siria condenan asesinato de su colega del canal Sama TV"},"content":{"rendered":"<blockquote>\n<p style=\"text-align: justify\"><span style=\"color: #800000\">La Uni\u00f3n de Periodistas de Siria: La cifra de los periodistas sirios que perdieron su vida mientras cumpl\u00edan su deber medi\u00e1tico y patri\u00f3tico supera ya los 50, s\u00famales los lesionados, y llamamos a condenar este acto terrorista y no dejar impunes a los criminales y sus amos.<\/span><\/p>\n<\/blockquote>\n<p style=\"text-align: justify\"><strong><span style=\"color: #800000\">Damasco, 09 ago (SANA)<\/span><\/strong> La Uni\u00f3n de Periodistas de Siria (UPS) conden\u00f3 hoy el atentado terrorista que tuvo como blanco a un equipo de periodistas del canal sirio Sama TV en la provincia sure\u00f1a de Deraa, lo que provoc\u00f3 la muerte del corresponsal, Firas Al-Ahmad.<\/p>\n<p style=\"text-align: justify\">En un comunicado, la UPS indic\u00f3 que los grupos terroristas y sus patrocinadores atacaron en numerosas ocasiones a los comunicadores sirios que se han esforzado para desmentir las falsas noticias y desenmascarar la tergiversaci\u00f3n medi\u00e1tica que ejercen los pa\u00edses hostiles a Siria.<\/p>\n<p style=\"text-align: justify\">&#8220;La cifra de los periodistas sirios que perdieron su vida mientras cumpl\u00edan su deber patri\u00f3tico supera ya los 50, s\u00famales los lesionados&#8221;, aclar\u00f3 la entidad.<\/p>\n<p style=\"text-align: justify\">Asegur\u00f3 que los periodistas sirios seguir\u00e1n trabajando para enfrentar todo lo que amenaza la seguridad de la patria y los civiles, y dirigi\u00f3 un llamamiento a las federaciones y organismos de periodistas \u00e1rabes, regionales e internacionales para condenar este acto terrorista y no dejar impunes a los criminales y sus amos.<\/p>\n<p style=\"text-align: justify\">la\/fm<\/p>\n","protected":false},"excerpt":{"rendered":"<p>La Uni\u00f3n de Periodistas de Siria: La cifra de los periodistas sirios que perdieron su vida mientras cumpl\u00edan su deber medi\u00e1tico y patri\u00f3tico supera ya los 50, s\u00famales los lesionados, y llamamos a condenar este acto terrorista y no dejar impunes a los criminales y sus amos. Damasco, 09 ago (SANA) La Uni\u00f3n de Periodistas &hellip;<\/p>\n","protected":false},"author":24,"featured_media":305973,"comment_status":"closed","ping_status":"closed","sticky":false,"template":"","format":"standard","meta":{"footnotes":""},"categories":[447,597,20724,476,448,7541],"tags":[22325,22324],"class_list":["post-305970","post","type-post","status-publish","format-standard","has-post-thumbnail","","category-local-politica","category-cinta-de-noticias","category-minuto-a-minuto","category-locales","category-noticias","category-ultimas-noticias","tag-corresponsal-sama-tv","tag-periodistas-sirios"],"_links":{"self":[{"href":"https:\/\/archive.sana.sy\/es\/index.php?rest_route=\/wp\/v2\/posts\/305970"}],"collection":[{"href":"https:\/\/archive.sana.sy\/es\/index.php?rest_route=\/wp\/v2\/posts"}],"about":[{"href":"https:\/\/archive.sana.sy\/es\/index.php?rest_route=\/wp\/v2\/types\/post"}],"author":[{"embeddable":true,"href":"https:\/\/archive.sana.sy\/es\/index.php?rest_route=\/wp\/v2\/users\/24"}],"replies":[{"embeddable":true,"href":"https:\/\/archive.sana.sy\/es\/index.php?rest_route=%2Fwp%2Fv2%2Fcomments&post=305970"}],"version-history":[{"count":5,"href":"https:\/\/archive.sana.sy\/es\/index.php?rest_route=\/wp\/v2\/posts\/305970\/revisions"}],"predecessor-version":[{"id":305981,"href":"https:\/\/archive.sana.sy\/es\/index.php?rest_route=\/wp\/v2\/posts\/305970\/revisions\/305981"}],"wp:featuredmedia":[{"embeddable":true,"href":"https:\/\/archive.sana.sy\/es\/index.php?rest_route=\/wp\/v2\/media\/305973"}],"wp:attachment":[{"href":"https:\/\/archive.sana.sy\/es\/index.php?rest_route=%2Fwp%2Fv2%2Fmedia&parent=305970"}],"wp:term":[{"taxonomy":"category","embeddable":true,"href":"https:\/\/archive.sana.sy\/es\/index.php?rest_route=%2Fwp%2Fv2%2Fcategories&post=305970"},{"taxonomy":"post_tag","embeddable":true,"href":"https:\/\/archive.sana.sy\/es\/index.php?rest_route=%2Fwp%2Fv2%2Ftags&post=305970"}],"curies":[{"name":"wp","href":"https:\/\/api.w.org\/{rel}","templated":true}]}}