{"id":305983,"date":"2023-08-09T18:08:06","date_gmt":"2023-08-09T15:08:06","guid":{"rendered":"http:\/\/sana.sy\/es\/?p=305983"},"modified":"2023-08-09T18:08:06","modified_gmt":"2023-08-09T15:08:06","slug":"siria-agradece-a-iran-por-su-apoyo-al-pueblo-sirio-frente-a-la-guerra-economica","status":"publish","type":"post","link":"https:\/\/archive.sana.sy\/es\/?p=305983","title":{"rendered":"Siria agradece a Ir\u00e1n por su apoyo al pueblo sirio frente a la guerra econ\u00f3mica"},"content":{"rendered":"<p style=\"text-align: justify\"><span style=\"color: #800000\"><strong>Damasco, 09 ago (SANA)<\/strong> <\/span>El ministro de Asuntos Exteriores y Expatriados, Faisal Al-Mekdad, recibi\u00f3 hoy en la sede de la Canciller\u00eda en esta capital, a Wahid Jalalzadeh, presidente del Comit\u00e9 de Seguridad, Nacional y Pol\u00edtica Exterior de la Asamblea Consultiva Isl\u00e1mica de la Rep\u00fablica Isl\u00e1mica de Ir\u00e1n.<\/p>\n<p style=\"text-align: justify\">El jefe de la diplomacia siria destac\u00f3 la importancia del papel de los parlamentos en la defensa de los valores de la libertad y la justicia.<\/p>\n<p style=\"text-align: justify\">Denunci\u00f3 el impacto negativo de las sanciones coercitivas unilaterales, inmorales e inhumanas, sobre la vida del pueblo sirio.<\/p>\n<p style=\"text-align: justify\">Lamentablemente, parlamentos occidentales participan en la imposici\u00f3n de este bloqueo contra el pueblo sirio en contra de la voluntad de sus pueblos y en desprecio al derecho internacional, asegur\u00f3 el Ministro.<\/p>\n<p style=\"text-align: justify\">Expres\u00f3 su agradecimiento a la Rep\u00fablica Isl\u00e1mica de Ir\u00e1n por su asistencia al pueblo sirio, especialmente despu\u00e9s del terremoto que asol\u00f3 el pa\u00eds en febrero pasado.<\/p>\n<p style=\"text-align: justify\">En declaraciones a los periodistas despu\u00e9s de la reuni\u00f3n, Jalalzadeh expres\u00f3 el apoyo de su pa\u00eds a Siria y su pueblo, su rechazo a cualquier agresi\u00f3n en su contra, y su repudio a la continuaci\u00f3n de la ocupaci\u00f3n estadounidense y turca de partes de su territorio.<\/p>\n<p style=\"text-align: justify\">Ir\u00e1n permanecer\u00e1 al lado del pueblo sirio y lo apoyar\u00e1 para enfrentar la guerra econ\u00f3mica representada por las medidas coercitivas occidentales impuestas a Siria, asegur\u00f3 el alto funcionario persa.<\/p>\n<p style=\"text-align: justify\">\nfm\/la<\/p>\n","protected":false},"excerpt":{"rendered":"<p>Damasco, 09 ago (SANA) El ministro de Asuntos Exteriores y Expatriados, Faisal Al-Mekdad, recibi\u00f3 hoy en la sede de la Canciller\u00eda en esta capital, a Wahid Jalalzadeh, presidente del Comit\u00e9 de Seguridad, Nacional y Pol\u00edtica Exterior de la Asamblea Consultiva Isl\u00e1mica de la Rep\u00fablica Isl\u00e1mica de Ir\u00e1n. El jefe de la diplomacia siria destac\u00f3 la &hellip;<\/p>\n","protected":false},"author":24,"featured_media":305940,"comment_status":"closed","ping_status":"closed","sticky":false,"template":"","format":"standard","meta":{"footnotes":""},"categories":[447,597,20724,476,448,7541],"tags":[2866,20456,6553,22326],"class_list":["post-305983","post","type-post","status-publish","format-standard","has-post-thumbnail","","category-local-politica","category-cinta-de-noticias","category-minuto-a-minuto","category-locales","category-noticias","category-ultimas-noticias","tag-iran","tag-mekdad","tag-siria","tag-wahid-jalalzadeh"],"_links":{"self":[{"href":"https:\/\/archive.sana.sy\/es\/index.php?rest_route=\/wp\/v2\/posts\/305983"}],"collection":[{"href":"https:\/\/archive.sana.sy\/es\/index.php?rest_route=\/wp\/v2\/posts"}],"about":[{"href":"https:\/\/archive.sana.sy\/es\/index.php?rest_route=\/wp\/v2\/types\/post"}],"author":[{"embeddable":true,"href":"https:\/\/archive.sana.sy\/es\/index.php?rest_route=\/wp\/v2\/users\/24"}],"replies":[{"embeddable":true,"href":"https:\/\/archive.sana.sy\/es\/index.php?rest_route=%2Fwp%2Fv2%2Fcomments&post=305983"}],"version-history":[{"count":1,"href":"https:\/\/archive.sana.sy\/es\/index.php?rest_route=\/wp\/v2\/posts\/305983\/revisions"}],"predecessor-version":[{"id":305984,"href":"https:\/\/archive.sana.sy\/es\/index.php?rest_route=\/wp\/v2\/posts\/305983\/revisions\/305984"}],"wp:featuredmedia":[{"embeddable":true,"href":"https:\/\/archive.sana.sy\/es\/index.php?rest_route=\/wp\/v2\/media\/305940"}],"wp:attachment":[{"href":"https:\/\/archive.sana.sy\/es\/index.php?rest_route=%2Fwp%2Fv2%2Fmedia&parent=305983"}],"wp:term":[{"taxonomy":"category","embeddable":true,"href":"https:\/\/archive.sana.sy\/es\/index.php?rest_route=%2Fwp%2Fv2%2Fcategories&post=305983"},{"taxonomy":"post_tag","embeddable":true,"href":"https:\/\/archive.sana.sy\/es\/index.php?rest_route=%2Fwp%2Fv2%2Ftags&post=305983"}],"curies":[{"name":"wp","href":"https:\/\/api.w.org\/{rel}","templated":true}]}}