{"id":305992,"date":"2023-08-09T19:25:10","date_gmt":"2023-08-09T16:25:10","guid":{"rendered":"http:\/\/sana.sy\/es\/?p=305992"},"modified":"2023-08-09T20:25:30","modified_gmt":"2023-08-09T17:25:30","slug":"pekin-la-visita-del-funcionario-japones-a-taiwan-es-una-flagrante-violacion-del-principio-de-una-sola-china","status":"publish","type":"post","link":"https:\/\/archive.sana.sy\/es\/?p=305992","title":{"rendered":"Pek\u00edn: La visita del funcionario japon\u00e9s a Taiw\u00e1n es una flagrante violaci\u00f3n del principio de &#8220;una sola China&#8221;"},"content":{"rendered":"<p style=\"text-align: justify\"><span style=\"color: #800000\"><strong>Pek\u00edn, 09 ago (SANA)<\/strong> <\/span>El Ministerio de Relaciones Exteriores de China conden\u00f3 la visita de un pol\u00edtico japon\u00e9s a Taiw\u00e1n, y la tild\u00f3 de \u201cuna violaci\u00f3n grave del principio de &#8220;una sola China&#8221;.<\/p>\n<p style=\"text-align: justify\">En una rueda de prensa, el portavoz de la Canciller\u00eda china, Wang Wenbin, afirm\u00f3 que &#8220;a pesar de la fuerte oposici\u00f3n de China, un pol\u00edtico japon\u00e9s visit\u00f3 la regi\u00f3n china de Taiw\u00e1n y realiz\u00f3 declaraciones irresponsables que buscan aumentar las tensiones y avivar la hostilidad, la confrontaci\u00f3n e la flagrante injerencia en los asuntos internos de China&#8221;.<\/p>\n<p style=\"text-align: justify\">Enfatiz\u00f3 que esta visita es una grave violaci\u00f3n del principio de &#8220;una sola China&#8221;, y de los cuatro documentos pol\u00edticos entre China y Jap\u00f3n, tambi\u00e9n es una acci\u00f3n que pas\u00f3 por alto todas las normas b\u00e1sicas que rigen las relaciones internacionales.<\/p>\n<p>Reiter\u00f3 que Taiw\u00e1n es una parte integral del territorio chino y que esta regi\u00f3n es un asunto interno que corresponde solo a China y no tolera ninguna interferencia externa.<\/p>\n<p style=\"text-align: justify\">Concluyendo, el vocero chino pidi\u00f3 a Jap\u00f3n que cese sus acciones injerencistas en los asuntos internos de su pa\u00eds y deje de apoyar a las fuerzas separatistas que buscan la llamada &#8220;independencia de Taiw\u00e1n&#8221;.<\/p>\n<p style=\"text-align: justify\">la<\/p>\n","protected":false},"excerpt":{"rendered":"<p>Pek\u00edn, 09 ago (SANA) El Ministerio de Relaciones Exteriores de China conden\u00f3 la visita de un pol\u00edtico japon\u00e9s a Taiw\u00e1n, y la tild\u00f3 de \u201cuna violaci\u00f3n grave del principio de &#8220;una sola China&#8221;. En una rueda de prensa, el portavoz de la Canciller\u00eda china, Wang Wenbin, afirm\u00f3 que &#8220;a pesar de la fuerte oposici\u00f3n de &hellip;<\/p>\n","protected":false},"author":24,"featured_media":305993,"comment_status":"closed","ping_status":"closed","sticky":false,"template":"","format":"standard","meta":{"footnotes":""},"categories":[597,456,16687,20724],"tags":[10768,21493,21542],"class_list":["post-305992","post","type-post","status-publish","format-standard","has-post-thumbnail","","category-cinta-de-noticias","category-arabe-internacional-politica","category-internacionales","category-minuto-a-minuto","tag-china","tag-japon","tag-taiwan"],"_links":{"self":[{"href":"https:\/\/archive.sana.sy\/es\/index.php?rest_route=\/wp\/v2\/posts\/305992"}],"collection":[{"href":"https:\/\/archive.sana.sy\/es\/index.php?rest_route=\/wp\/v2\/posts"}],"about":[{"href":"https:\/\/archive.sana.sy\/es\/index.php?rest_route=\/wp\/v2\/types\/post"}],"author":[{"embeddable":true,"href":"https:\/\/archive.sana.sy\/es\/index.php?rest_route=\/wp\/v2\/users\/24"}],"replies":[{"embeddable":true,"href":"https:\/\/archive.sana.sy\/es\/index.php?rest_route=%2Fwp%2Fv2%2Fcomments&post=305992"}],"version-history":[{"count":4,"href":"https:\/\/archive.sana.sy\/es\/index.php?rest_route=\/wp\/v2\/posts\/305992\/revisions"}],"predecessor-version":[{"id":306006,"href":"https:\/\/archive.sana.sy\/es\/index.php?rest_route=\/wp\/v2\/posts\/305992\/revisions\/306006"}],"wp:featuredmedia":[{"embeddable":true,"href":"https:\/\/archive.sana.sy\/es\/index.php?rest_route=\/wp\/v2\/media\/305993"}],"wp:attachment":[{"href":"https:\/\/archive.sana.sy\/es\/index.php?rest_route=%2Fwp%2Fv2%2Fmedia&parent=305992"}],"wp:term":[{"taxonomy":"category","embeddable":true,"href":"https:\/\/archive.sana.sy\/es\/index.php?rest_route=%2Fwp%2Fv2%2Fcategories&post=305992"},{"taxonomy":"post_tag","embeddable":true,"href":"https:\/\/archive.sana.sy\/es\/index.php?rest_route=%2Fwp%2Fv2%2Ftags&post=305992"}],"curies":[{"name":"wp","href":"https:\/\/api.w.org\/{rel}","templated":true}]}}