{"id":306208,"date":"2023-08-12T14:50:22","date_gmt":"2023-08-12T11:50:22","guid":{"rendered":"http:\/\/sana.sy\/es\/?p=306208"},"modified":"2023-08-12T20:07:35","modified_gmt":"2023-08-12T17:07:35","slug":"siria-acusa-a-fuerzas-estadounidenses-de-estar-detras-del-ataque-terrorista-contra-un-autobus-militar","status":"publish","type":"post","link":"https:\/\/archive.sana.sy\/es\/?p=306208","title":{"rendered":"Siria acusa a fuerzas estadounidenses de estar detr\u00e1s del ataque terrorista contra un autob\u00fas militar"},"content":{"rendered":"<blockquote>\n<p style=\"text-align: justify;\"><span style=\"color: #993300;\">Canciller\u00eda asegur\u00f3 que esta agresi\u00f3n criminal y terrorista es parte de la escalada estadounidense contra la soberan\u00eda, independencia e integridad territorial de Siria y va en el marco del apoyo y patrocinio de Washington a las organizaciones terroristas, principalmente el Daesh, y su uso de sus milicias separatistas t\u00edteres como una herramienta para implementar sus planes<\/span><\/p>\n<\/blockquote>\n<p style=\"text-align: justify;\"><span style=\"color: #800000;\"><strong>Damasco, 12 ago (SANA)\u00a0<\/strong> <\/span>\u00a0Siria afirm\u00f3 hoy que Estados Unidos y sus grupos armados ilegales y terroristas son los autores del criminal ataque contra un autob\u00fas de transporte militar, perpetrado el pasado jueves, en la provincia oriental siria de Deir Ezzor.<\/p>\n<p style=\"text-align: justify;\">\u201cLas fuerzas del ocupante estadounidense cometieron un nuevo crimen al atacar, en complicidad con sus organizaciones terroristas, un autob\u00fas que transportaba a militares del Ej\u00e9rcito \u00c1rabe Sirio en el sureste de Deir Ezzor, lo que caus\u00f3 la muerte de varios regulares mientras otros resultaron heridos\u201d, denunci\u00f3 el Ministerio de Asuntos Exteriores y Expatriados por medio de una declaraci\u00f3n.<\/p>\n<p style=\"text-align: justify;\">Canciller\u00eda asegur\u00f3 que esta agresi\u00f3n criminal y terrorista es parte de la escalada estadounidense contra la soberan\u00eda, independencia e integridad territorial de Siria y va en el marco del apoyo y patrocinio de Washington a las organizaciones terroristas, principalmente el Daesh, y su uso de sus milicias separatistas t\u00edteres como una herramienta para implementar sus planes.<\/p>\n<p style=\"text-align: justify;\">A\u00f1adi\u00f3 que este doloroso incidente nos recuerda el feroz ataque llevado a cabo por las fuerzas de ocupaci\u00f3n estadounidenses en 2016 contra las posiciones del Ej\u00e9rcito \u00c1rabe Sirio en Jabal Al-Tharda en el campo de Deir Ezzor para permitir que la organizaci\u00f3n terrorista Daesh controlara esos sitios que fueron defendidos valientemente por las fuerzas armados.<\/p>\n<p style=\"text-align: justify;\">fm\/rr<\/p>\n","protected":false},"excerpt":{"rendered":"<p>Canciller\u00eda asegur\u00f3 que esta agresi\u00f3n criminal y terrorista es parte de la escalada estadounidense contra la soberan\u00eda, independencia e integridad territorial de Siria y va en el marco del apoyo y patrocinio de Washington a las organizaciones terroristas, principalmente el Daesh, y su uso de sus milicias separatistas t\u00edteres como una herramienta para implementar sus &hellip;<\/p>\n","protected":false},"author":31,"featured_media":306211,"comment_status":"closed","ping_status":"closed","sticky":false,"template":"","format":"standard","meta":{"footnotes":""},"categories":[597,467,583],"tags":[8914,11687,7132,6553],"class_list":["post-306208","post","type-post","status-publish","format-standard","has-post-thumbnail","","category-cinta-de-noticias","category-siria-y-el-mundo","category-slide","tag-ataque-terrorista","tag-cancilleria","tag-eeuu","tag-siria"],"_links":{"self":[{"href":"https:\/\/archive.sana.sy\/es\/index.php?rest_route=\/wp\/v2\/posts\/306208"}],"collection":[{"href":"https:\/\/archive.sana.sy\/es\/index.php?rest_route=\/wp\/v2\/posts"}],"about":[{"href":"https:\/\/archive.sana.sy\/es\/index.php?rest_route=\/wp\/v2\/types\/post"}],"author":[{"embeddable":true,"href":"https:\/\/archive.sana.sy\/es\/index.php?rest_route=\/wp\/v2\/users\/31"}],"replies":[{"embeddable":true,"href":"https:\/\/archive.sana.sy\/es\/index.php?rest_route=%2Fwp%2Fv2%2Fcomments&post=306208"}],"version-history":[{"count":1,"href":"https:\/\/archive.sana.sy\/es\/index.php?rest_route=\/wp\/v2\/posts\/306208\/revisions"}],"predecessor-version":[{"id":306212,"href":"https:\/\/archive.sana.sy\/es\/index.php?rest_route=\/wp\/v2\/posts\/306208\/revisions\/306212"}],"wp:featuredmedia":[{"embeddable":true,"href":"https:\/\/archive.sana.sy\/es\/index.php?rest_route=\/wp\/v2\/media\/306211"}],"wp:attachment":[{"href":"https:\/\/archive.sana.sy\/es\/index.php?rest_route=%2Fwp%2Fv2%2Fmedia&parent=306208"}],"wp:term":[{"taxonomy":"category","embeddable":true,"href":"https:\/\/archive.sana.sy\/es\/index.php?rest_route=%2Fwp%2Fv2%2Fcategories&post=306208"},{"taxonomy":"post_tag","embeddable":true,"href":"https:\/\/archive.sana.sy\/es\/index.php?rest_route=%2Fwp%2Fv2%2Ftags&post=306208"}],"curies":[{"name":"wp","href":"https:\/\/api.w.org\/{rel}","templated":true}]}}