{"id":306244,"date":"2023-08-13T12:11:07","date_gmt":"2023-08-13T09:11:07","guid":{"rendered":"http:\/\/sana.sy\/es\/?p=306244"},"modified":"2023-08-13T12:11:07","modified_gmt":"2023-08-13T09:11:07","slug":"200-instituciones-y-sindicatos-estadounidenses-se-unen-a-una-coalicion-antiapartheid","status":"publish","type":"post","link":"https:\/\/archive.sana.sy\/es\/?p=306244","title":{"rendered":"200 instituciones y sindicatos estadounidenses se unen a una coalici\u00f3n antiapartheid"},"content":{"rendered":"<p style=\"text-align: justify;\"><span style=\"color: #800000;\"><strong>Washington, 13 ago (SANA)\u00a0<\/strong><\/span> \u00a0Decenas de instituciones, iglesias y sindicatos estadounidenses se unieron a una coalici\u00f3n denominada \u201csociedad libre del apartheid\u201d y se opone a los continuos cr\u00edmenes cometidos por la entidad de ocupaci\u00f3n israel\u00ed contra el pueblo palestino.<\/p>\n<p style=\"text-align: justify;\">&#8220;El pueblo palestino se enfrenta a colonizaci\u00f3n y ocupaci\u00f3n israel\u00edes impuestos mediante reg\u00edmenes legales racistas y discriminatorios, una pol\u00edtica de desplazamiento forzado, bloqueos, restricciones de movimiento y violaciones sistem\u00e1ticas de los derechos humanos&#8221;, afirm\u00f3 la coalici\u00f3n por medio de un comunicado.<\/p>\n<p style=\"text-align: justify;\">La referida alianza se form\u00f3 a finales del a\u00f1o pasado en Am\u00e9rica del Norte a ra\u00edz de un consenso entre 200 organizaciones internacionales de derechos humanos de que el trato de Israel al pueblo palestino es un crimen de apartheid.<\/p>\n<p style=\"text-align: justify;\">ed\/fm<\/p>\n","protected":false},"excerpt":{"rendered":"<p>Washington, 13 ago (SANA)\u00a0 \u00a0Decenas de instituciones, iglesias y sindicatos estadounidenses se unieron a una coalici\u00f3n denominada \u201csociedad libre del apartheid\u201d y se opone a los continuos cr\u00edmenes cometidos por la entidad de ocupaci\u00f3n israel\u00ed contra el pueblo palestino. &#8220;El pueblo palestino se enfrenta a colonizaci\u00f3n y ocupaci\u00f3n israel\u00edes impuestos mediante reg\u00edmenes legales racistas y &hellip;<\/p>\n","protected":false},"author":32,"featured_media":306245,"comment_status":"closed","ping_status":"closed","sticky":false,"template":"","format":"standard","meta":{"footnotes":""},"categories":[597,456,16687,20724,7541],"tags":[],"class_list":["post-306244","post","type-post","status-publish","format-standard","has-post-thumbnail","","category-cinta-de-noticias","category-arabe-internacional-politica","category-internacionales","category-minuto-a-minuto","category-ultimas-noticias"],"_links":{"self":[{"href":"https:\/\/archive.sana.sy\/es\/index.php?rest_route=\/wp\/v2\/posts\/306244"}],"collection":[{"href":"https:\/\/archive.sana.sy\/es\/index.php?rest_route=\/wp\/v2\/posts"}],"about":[{"href":"https:\/\/archive.sana.sy\/es\/index.php?rest_route=\/wp\/v2\/types\/post"}],"author":[{"embeddable":true,"href":"https:\/\/archive.sana.sy\/es\/index.php?rest_route=\/wp\/v2\/users\/32"}],"replies":[{"embeddable":true,"href":"https:\/\/archive.sana.sy\/es\/index.php?rest_route=%2Fwp%2Fv2%2Fcomments&post=306244"}],"version-history":[{"count":1,"href":"https:\/\/archive.sana.sy\/es\/index.php?rest_route=\/wp\/v2\/posts\/306244\/revisions"}],"predecessor-version":[{"id":306246,"href":"https:\/\/archive.sana.sy\/es\/index.php?rest_route=\/wp\/v2\/posts\/306244\/revisions\/306246"}],"wp:featuredmedia":[{"embeddable":true,"href":"https:\/\/archive.sana.sy\/es\/index.php?rest_route=\/wp\/v2\/media\/306245"}],"wp:attachment":[{"href":"https:\/\/archive.sana.sy\/es\/index.php?rest_route=%2Fwp%2Fv2%2Fmedia&parent=306244"}],"wp:term":[{"taxonomy":"category","embeddable":true,"href":"https:\/\/archive.sana.sy\/es\/index.php?rest_route=%2Fwp%2Fv2%2Fcategories&post=306244"},{"taxonomy":"post_tag","embeddable":true,"href":"https:\/\/archive.sana.sy\/es\/index.php?rest_route=%2Fwp%2Fv2%2Ftags&post=306244"}],"curies":[{"name":"wp","href":"https:\/\/api.w.org\/{rel}","templated":true}]}}