{"id":306249,"date":"2023-08-13T13:21:28","date_gmt":"2023-08-13T10:21:28","guid":{"rendered":"https:\/\/sana.sy\/es\/?p=306249"},"modified":"2023-08-13T13:21:28","modified_gmt":"2023-08-13T10:21:28","slug":"rusia-detiene-un-barco-con-destino-a-ucrania","status":"publish","type":"post","link":"https:\/\/archive.sana.sy\/es\/?p=306249","title":{"rendered":"Rusia detiene un barco con destino a Ucrania"},"content":{"rendered":"<blockquote>\n<p style=\"text-align: justify;\"><span style=\"color: #993300;\">Un helic\u00f3ptero Ka-29 con un grupo de militares de las FFAA de Rusia despeg\u00f3 para inspeccionar el nav\u00edo.<\/span><\/p>\n<\/blockquote>\n<p style=\"text-align: justify;\"><span style=\"color: #800000;\"><strong>Mosc\u00fa, 13 ago (SANA)<\/strong> <\/span>Las Fuerzas Navales de Rusia informaron que se detect\u00f3 un buque de carga con bandera de Palaos, dirigi\u00e9ndose al puerto ucraniano de Izmail, en el suroeste del mar Negro.<\/p>\n<p style=\"text-align: justify;\">El capit\u00e1n del buque de carga seca no respondi\u00f3 a la orden de detenerse para llevar a cabo un abordaje de inspecci\u00f3n, por lo que se abri\u00f3 fuego de advertencia desde un buque de guerra ruso.<\/p>\n<p style=\"text-align: justify;\">Un helic\u00f3ptero Ka-29 con un grupo de militares de las FFAA de Rusia despeg\u00f3 para inspeccionar el nav\u00edo.<\/p>\n<p style=\"text-align: justify;\">Seg\u00fan report\u00f3 la agencia Sputnik, el buque de carga se detuvo y se llev\u00f3 a cabo la inspecci\u00f3n tras lo cual el Sukra Okan continu\u00f3 hacia el puerto de Izmail.<\/p>\n<p style=\"text-align: justify;\">fm\/as<\/p>\n","protected":false},"excerpt":{"rendered":"<p>Un helic\u00f3ptero Ka-29 con un grupo de militares de las FFAA de Rusia despeg\u00f3 para inspeccionar el nav\u00edo. Mosc\u00fa, 13 ago (SANA) Las Fuerzas Navales de Rusia informaron que se detect\u00f3 un buque de carga con bandera de Palaos, dirigi\u00e9ndose al puerto ucraniano de Izmail, en el suroeste del mar Negro. El capit\u00e1n del buque &hellip;<\/p>\n","protected":false},"author":42,"featured_media":306250,"comment_status":"closed","ping_status":"closed","sticky":false,"template":"","format":"standard","meta":{"footnotes":""},"categories":[597,456,16687,20724,7541],"tags":[],"class_list":["post-306249","post","type-post","status-publish","format-standard","has-post-thumbnail","","category-cinta-de-noticias","category-arabe-internacional-politica","category-internacionales","category-minuto-a-minuto","category-ultimas-noticias"],"_links":{"self":[{"href":"https:\/\/archive.sana.sy\/es\/index.php?rest_route=\/wp\/v2\/posts\/306249"}],"collection":[{"href":"https:\/\/archive.sana.sy\/es\/index.php?rest_route=\/wp\/v2\/posts"}],"about":[{"href":"https:\/\/archive.sana.sy\/es\/index.php?rest_route=\/wp\/v2\/types\/post"}],"author":[{"embeddable":true,"href":"https:\/\/archive.sana.sy\/es\/index.php?rest_route=\/wp\/v2\/users\/42"}],"replies":[{"embeddable":true,"href":"https:\/\/archive.sana.sy\/es\/index.php?rest_route=%2Fwp%2Fv2%2Fcomments&post=306249"}],"version-history":[{"count":1,"href":"https:\/\/archive.sana.sy\/es\/index.php?rest_route=\/wp\/v2\/posts\/306249\/revisions"}],"predecessor-version":[{"id":306251,"href":"https:\/\/archive.sana.sy\/es\/index.php?rest_route=\/wp\/v2\/posts\/306249\/revisions\/306251"}],"wp:featuredmedia":[{"embeddable":true,"href":"https:\/\/archive.sana.sy\/es\/index.php?rest_route=\/wp\/v2\/media\/306250"}],"wp:attachment":[{"href":"https:\/\/archive.sana.sy\/es\/index.php?rest_route=%2Fwp%2Fv2%2Fmedia&parent=306249"}],"wp:term":[{"taxonomy":"category","embeddable":true,"href":"https:\/\/archive.sana.sy\/es\/index.php?rest_route=%2Fwp%2Fv2%2Fcategories&post=306249"},{"taxonomy":"post_tag","embeddable":true,"href":"https:\/\/archive.sana.sy\/es\/index.php?rest_route=%2Fwp%2Fv2%2Ftags&post=306249"}],"curies":[{"name":"wp","href":"https:\/\/api.w.org\/{rel}","templated":true}]}}