{"id":306252,"date":"2023-08-13T13:28:01","date_gmt":"2023-08-13T10:28:01","guid":{"rendered":"https:\/\/sana.sy\/es\/?p=306252"},"modified":"2023-08-13T13:28:01","modified_gmt":"2023-08-13T10:28:01","slug":"rusia-frustra-ataque-ucraniano-con-drones-contra-instalaciones","status":"publish","type":"post","link":"https:\/\/archive.sana.sy\/es\/?p=306252","title":{"rendered":"Rusia frustra ataque ucraniano con drones contra instalaciones"},"content":{"rendered":"<p style=\"text-align: justify;\"><span style=\"color: #800000;\"><strong>Mosc\u00fa, 13 ago (SANA)<\/strong> <\/span>Los sistemas de defensa antia\u00e9rea rusos derribaron hoy dos drones ucranianos que pretend\u00edan atacar instalaciones en el territorio de Rusia.<\/p>\n<p style=\"text-align: justify;\">El Ministerio de Defensa del pa\u00eds euroasi\u00e1tico inform\u00f3 que el primer incidente se produjo a las 08:00 GMT en la regi\u00f3n rusa de B\u00e9lgorod, y media hora m\u00e1s tarde, otro veh\u00edculo a\u00e9reo no tripulado fue interceptado en el cielo sobre la regi\u00f3n de Kursk.<\/p>\n<p style=\"text-align: justify;\">La cartera castrense indic\u00f3 que no hubo que lamentar da\u00f1os personales o materiales.<\/p>\n<p style=\"text-align: justify;\">fm\/as<\/p>\n","protected":false},"excerpt":{"rendered":"<p>Mosc\u00fa, 13 ago (SANA) Los sistemas de defensa antia\u00e9rea rusos derribaron hoy dos drones ucranianos que pretend\u00edan atacar instalaciones en el territorio de Rusia. El Ministerio de Defensa del pa\u00eds euroasi\u00e1tico inform\u00f3 que el primer incidente se produjo a las 08:00 GMT en la regi\u00f3n rusa de B\u00e9lgorod, y media hora m\u00e1s tarde, otro veh\u00edculo &hellip;<\/p>\n","protected":false},"author":42,"featured_media":306253,"comment_status":"closed","ping_status":"closed","sticky":false,"template":"","format":"standard","meta":{"footnotes":""},"categories":[597,456,16687,20724,7541],"tags":[],"class_list":["post-306252","post","type-post","status-publish","format-standard","has-post-thumbnail","","category-cinta-de-noticias","category-arabe-internacional-politica","category-internacionales","category-minuto-a-minuto","category-ultimas-noticias"],"_links":{"self":[{"href":"https:\/\/archive.sana.sy\/es\/index.php?rest_route=\/wp\/v2\/posts\/306252"}],"collection":[{"href":"https:\/\/archive.sana.sy\/es\/index.php?rest_route=\/wp\/v2\/posts"}],"about":[{"href":"https:\/\/archive.sana.sy\/es\/index.php?rest_route=\/wp\/v2\/types\/post"}],"author":[{"embeddable":true,"href":"https:\/\/archive.sana.sy\/es\/index.php?rest_route=\/wp\/v2\/users\/42"}],"replies":[{"embeddable":true,"href":"https:\/\/archive.sana.sy\/es\/index.php?rest_route=%2Fwp%2Fv2%2Fcomments&post=306252"}],"version-history":[{"count":1,"href":"https:\/\/archive.sana.sy\/es\/index.php?rest_route=\/wp\/v2\/posts\/306252\/revisions"}],"predecessor-version":[{"id":306254,"href":"https:\/\/archive.sana.sy\/es\/index.php?rest_route=\/wp\/v2\/posts\/306252\/revisions\/306254"}],"wp:featuredmedia":[{"embeddable":true,"href":"https:\/\/archive.sana.sy\/es\/index.php?rest_route=\/wp\/v2\/media\/306253"}],"wp:attachment":[{"href":"https:\/\/archive.sana.sy\/es\/index.php?rest_route=%2Fwp%2Fv2%2Fmedia&parent=306252"}],"wp:term":[{"taxonomy":"category","embeddable":true,"href":"https:\/\/archive.sana.sy\/es\/index.php?rest_route=%2Fwp%2Fv2%2Fcategories&post=306252"},{"taxonomy":"post_tag","embeddable":true,"href":"https:\/\/archive.sana.sy\/es\/index.php?rest_route=%2Fwp%2Fv2%2Ftags&post=306252"}],"curies":[{"name":"wp","href":"https:\/\/api.w.org\/{rel}","templated":true}]}}