{"id":306322,"date":"2023-08-14T13:51:43","date_gmt":"2023-08-14T10:51:43","guid":{"rendered":"http:\/\/sana.sy\/es\/?p=306322"},"modified":"2023-08-14T13:52:23","modified_gmt":"2023-08-14T10:52:23","slug":"putin-inaugura-el-foro-army-2023","status":"publish","type":"post","link":"https:\/\/archive.sana.sy\/es\/?p=306322","title":{"rendered":"Putin inaugura el foro Army 2023"},"content":{"rendered":"<blockquote>\n<p style=\"text-align: justify;\"><span style=\"color: #993300;\">El evento est\u00e1 organizado por el Ministerio de Defensa de Rusia e incluye una exposici\u00f3n a gran escala de los logros del complejo militar-industrial ruso. Alrededor de 1.500 empresas l\u00edderes de la industria de defensa rusa presentan sus productos en el mismo.<\/span><\/p>\n<\/blockquote>\n<p style=\"text-align: justify;\"><span style=\"color: #800000;\"><strong><a href=\"http:\/\/sana.sy\/es\/wp-content\/uploads\/2023\/08\/photo_2023-08-14_13-42-40.jpg\"><img loading=\"lazy\" decoding=\"async\" class=\"wp-image-306325 alignleft\" src=\"http:\/\/sana.sy\/es\/wp-content\/uploads\/2023\/08\/photo_2023-08-14_13-42-40.jpg\" alt=\"\" width=\"332\" height=\"185\" srcset=\"https:\/\/archive.sana.sy\/es\/wp-content\/uploads\/2023\/08\/photo_2023-08-14_13-42-40.jpg 1280w, https:\/\/archive.sana.sy\/es\/wp-content\/uploads\/2023\/08\/photo_2023-08-14_13-42-40-300x167.jpg 300w, https:\/\/archive.sana.sy\/es\/wp-content\/uploads\/2023\/08\/photo_2023-08-14_13-42-40-1024x569.jpg 1024w, https:\/\/archive.sana.sy\/es\/wp-content\/uploads\/2023\/08\/photo_2023-08-14_13-42-40-150x83.jpg 150w, https:\/\/archive.sana.sy\/es\/wp-content\/uploads\/2023\/08\/photo_2023-08-14_13-42-40-768x427.jpg 768w\" sizes=\"(max-width: 332px) 100vw, 332px\" \/><\/a>Mosc\u00fa, 14 ago (SANA)\u00a0<\/strong><\/span> El presidente de Rusia, Vlad\u00edmir Putin, destac\u00f3 en un discurso con motivo de la inauguraci\u00f3n del Foro Army 2023, que 82 entidades extranjeras presentan sus productos en el foro este a\u00f1o mientras el a\u00f1o pasado eran 32.<\/p>\n<p>Asirm\u00f3 que su p\u00e1is est\u00e1 dispuesta a profundizar la cooperaci\u00f3n t\u00e9cnico-militar con todos aquellos que defiendan su v\u00eda independiente de desarrollo, y agreg\u00f3 que Mosc\u00fa propone desarrollar la cooperaci\u00f3n en materia de formaci\u00f3n de personal, militares y organizaci\u00f3n de ejercicios.<\/p>\n<p>&#8220;Rusia est\u00e1 abierta a una cooperaci\u00f3n t\u00e9cnico-militar en pie de igualdad con todos los pa\u00edses que defiendan sus intereses&#8221;, aclar\u00f3 el mandatario.<\/p>\n<p style=\"text-align: justify;\"><a href=\"http:\/\/sana.sy\/es\/wp-content\/uploads\/2023\/08\/photo_2023-08-14_13-35-00.jpg\"><img loading=\"lazy\" decoding=\"async\" class=\" wp-image-306324 alignleft\" src=\"http:\/\/sana.sy\/es\/wp-content\/uploads\/2023\/08\/photo_2023-08-14_13-35-00.jpg\" alt=\"\" width=\"332\" height=\"165\" srcset=\"https:\/\/archive.sana.sy\/es\/wp-content\/uploads\/2023\/08\/photo_2023-08-14_13-35-00.jpg 1280w, https:\/\/archive.sana.sy\/es\/wp-content\/uploads\/2023\/08\/photo_2023-08-14_13-35-00-300x149.jpg 300w, https:\/\/archive.sana.sy\/es\/wp-content\/uploads\/2023\/08\/photo_2023-08-14_13-35-00-1024x510.jpg 1024w, https:\/\/archive.sana.sy\/es\/wp-content\/uploads\/2023\/08\/photo_2023-08-14_13-35-00-150x75.jpg 150w, https:\/\/archive.sana.sy\/es\/wp-content\/uploads\/2023\/08\/photo_2023-08-14_13-35-00-768x382.jpg 768w, https:\/\/archive.sana.sy\/es\/wp-content\/uploads\/2023\/08\/photo_2023-08-14_13-35-00-660x330.jpg 660w, https:\/\/archive.sana.sy\/es\/wp-content\/uploads\/2023\/08\/photo_2023-08-14_13-35-00-1050x525.jpg 1050w\" sizes=\"(max-width: 332px) 100vw, 332px\" \/><\/a>A su vez, el ministro de Defensa, Serguei Shoig\u00fa, dijo que los equipos occidentales, ampliamente publicitados, han demostrado estar lejos de ser perfectos en condiciones reales de combate.<\/p>\n<p style=\"text-align: justify;\">El evento est\u00e1 organizado por el Ministerio de Defensa de Rusia e incluye una exposici\u00f3n a gran escala de los logros del complejo militar-industrial ruso y tiene el objetivo de promover el reequipamiento de las Fuerzas Armadas del pa\u00eds, aumentar su efectividad, as\u00ed como el desarrollo de la cooperaci\u00f3n t\u00e9cnico-militar internacional.<\/p>\n<p style=\"text-align: justify;\">Alrededor de 1.500 empresas l\u00edderes de la industria de defensa rusa presentan sus productos. Adem\u00e1s, el evento contar\u00e1 con la presencia de 85 compa\u00f1\u00edas y organizaciones de siete naciones.<\/p>\n<p style=\"text-align: justify;\">fm\/ed<\/p>\n","protected":false},"excerpt":{"rendered":"<p>El evento est\u00e1 organizado por el Ministerio de Defensa de Rusia e incluye una exposici\u00f3n a gran escala de los logros del complejo militar-industrial ruso. Alrededor de 1.500 empresas l\u00edderes de la industria de defensa rusa presentan sus productos en el mismo. Mosc\u00fa, 14 ago (SANA)\u00a0 El presidente de Rusia, Vlad\u00edmir Putin, destac\u00f3 en un &hellip;<\/p>\n","protected":false},"author":32,"featured_media":306323,"comment_status":"closed","ping_status":"closed","sticky":false,"template":"","format":"standard","meta":{"footnotes":""},"categories":[597,456,16687,20724,7541],"tags":[],"class_list":["post-306322","post","type-post","status-publish","format-standard","has-post-thumbnail","","category-cinta-de-noticias","category-arabe-internacional-politica","category-internacionales","category-minuto-a-minuto","category-ultimas-noticias"],"_links":{"self":[{"href":"https:\/\/archive.sana.sy\/es\/index.php?rest_route=\/wp\/v2\/posts\/306322"}],"collection":[{"href":"https:\/\/archive.sana.sy\/es\/index.php?rest_route=\/wp\/v2\/posts"}],"about":[{"href":"https:\/\/archive.sana.sy\/es\/index.php?rest_route=\/wp\/v2\/types\/post"}],"author":[{"embeddable":true,"href":"https:\/\/archive.sana.sy\/es\/index.php?rest_route=\/wp\/v2\/users\/32"}],"replies":[{"embeddable":true,"href":"https:\/\/archive.sana.sy\/es\/index.php?rest_route=%2Fwp%2Fv2%2Fcomments&post=306322"}],"version-history":[{"count":3,"href":"https:\/\/archive.sana.sy\/es\/index.php?rest_route=\/wp\/v2\/posts\/306322\/revisions"}],"predecessor-version":[{"id":306328,"href":"https:\/\/archive.sana.sy\/es\/index.php?rest_route=\/wp\/v2\/posts\/306322\/revisions\/306328"}],"wp:featuredmedia":[{"embeddable":true,"href":"https:\/\/archive.sana.sy\/es\/index.php?rest_route=\/wp\/v2\/media\/306323"}],"wp:attachment":[{"href":"https:\/\/archive.sana.sy\/es\/index.php?rest_route=%2Fwp%2Fv2%2Fmedia&parent=306322"}],"wp:term":[{"taxonomy":"category","embeddable":true,"href":"https:\/\/archive.sana.sy\/es\/index.php?rest_route=%2Fwp%2Fv2%2Fcategories&post=306322"},{"taxonomy":"post_tag","embeddable":true,"href":"https:\/\/archive.sana.sy\/es\/index.php?rest_route=%2Fwp%2Fv2%2Ftags&post=306322"}],"curies":[{"name":"wp","href":"https:\/\/api.w.org\/{rel}","templated":true}]}}