{"id":30633,"date":"2015-09-27T12:57:12","date_gmt":"2015-09-27T09:57:12","guid":{"rendered":"http:\/\/sana.sy\/es\/?p=30633"},"modified":"2015-09-28T13:56:37","modified_gmt":"2015-09-28T10:56:37","slug":"al-jaafari-siria-sufre-un-terrorismo-que-esta-acabando-con-todos-los-logros-de-los-sirios-en-materia-del-desarrollo","status":"publish","type":"post","link":"https:\/\/archive.sana.sy\/es\/?p=30633","title":{"rendered":"Al-Jaafari: Siria sufre un terrorismo que est\u00e1 acabando con todos los logros de los sirios en materia del desarrollo"},"content":{"rendered":"<p><span style=\"color: #800000\">Naciones Unidas, SANA<\/span><\/p>\n<p>El Representante Permanente de Siria ante la ONU, Bashar al-Jaafari inst\u00f3 incluir la lucha contra el terrorismo en la agenda de desarrollo post-2015 de las Naciones Unidas, teniendo en cuenta que este tema es una de las prioridades del desarrollo sostenible.<\/p>\n<p>Al hacer uso de la palabra en la Cumbre de Desarrollo Sostenible 2015 de la ONU, que aprob\u00f3 la agenda del desarrollo post 2015, al-Jaafari dijo ayer el s\u00e1bado que el terrorismo es el elemento principal que obstaculiza el desarrollo en Siria.<br \/>\n&#8220;El terrorismo est\u00e1 quemando todo en su alrededor y acabando con todos los logros alcanzados por los sirios en materia del desarrollo&#8221;, agreg\u00f3 al-Jaafari, y explic\u00f3 que la econom\u00eda, infraestructura, recursos, potencialidades y la civilizaci\u00f3n de la juventud de Siria se ven amenazados por este flagelo.<\/p>\n<p>\u201cEl objetivo final de los terroristas y sus patrocinadores, agreg\u00f3, es destruir a Siria, pa\u00eds que es el ejemplar de la moderaci\u00f3n, tolerancia y coexistencia pac\u00edfica en la regi\u00f3n&#8221;, dijo.<\/p>\n<p>Asimismo puso de relieve la grave amenaza que representa el terrorismo para el medio ambiente de Siria debido a las pr\u00e1cticas de extracci\u00f3n de petr\u00f3leo y gas y por parte de los terroristas y su venta a continuaci\u00f3n a los especuladores turcos. De igual manera aludi\u00f3 al &#8220;lamentable desgaste&#8221; del patrimonio cultural sirio a manos del Estado Isl\u00e1mico o DAESH, entre otras organizaciones terroristas.<\/p>\n<p>A la luz del sufrimiento de Siria del flagelo del terrorismo, dijo al-Jaafari, &#8220;apoyamos firmemente la menci\u00f3n en el documento adoptado de la lucha contra el terrorismo como una prioridad para lograr el desarrollo sostenible.&#8221;<\/p>\n<p>Se\u00f1al\u00f3 que la lucha antiterrorista debe basarse en el respeto de los principios de la Carta de las Naciones Unidas y las normas del derecho internacional, sobre todo el que recalca en el respeto de la soberan\u00eda de los Estados, la aplicaci\u00f3n de las resoluciones de la ONU relativas a la lucha contra el terrorismo y la rendici\u00f3n de cuenta a los gobiernos, organizaciones e individuos involucrados en el apoyo a los terroristas.<\/p>\n<p>Al-Jaafari tambi\u00e9n subray\u00f3 las nefastas repercusiones de las sanciones econ\u00f3micas unilaterales impuestas a diversos sectores vitales de Siria, sobre el proceso de desarrollo en el pa\u00eds y el nivel de vida de los sirios.<\/p>\n<p>Respecto al reciente fen\u00f3meno de inmigraci\u00f3n procedente de Siria, el embajador de Siria ante la ONU dijo que es el resultado del &#8220;enfoque equivocado&#8221; de algunos pa\u00edses hacia la situaci\u00f3n en los pa\u00edses en desarrollo. Este enfoque se plasma en la falta de seriedad en el apoyo econ\u00f3mico a los pa\u00edses en desarrollo, y la implicaci\u00f3n en atizar las crisis que viven y la injerencia en sus asuntos internos.<\/p>\n<p>El hecho de resolver la crisis de los inmigrantes reside en el cese del apoyo prestado por algunos pa\u00edses a los terroristas en Siria y en el cierre de las fronteras por la cual se infiltran los mercenarios y terroristas a esta naci\u00f3n, acot\u00f3.<\/p>\n<p>La continua ocupaci\u00f3n israel\u00ed de los territorios \u00e1rabes por m\u00e1s de seis d\u00e9cadas, sin impunidad por la comunidad internacional tambi\u00e9n es otro obst\u00e1culo principal para el desarrollo en la regi\u00f3n, dijo el Embajador de la ONU en Siria.<\/p>\n<p>&nbsp;<\/p>\n<p>&nbsp;<\/p>\n<p>Lynn A.<\/p>\n","protected":false},"excerpt":{"rendered":"<p>Naciones Unidas, SANA El Representante Permanente de Siria ante la ONU, Bashar al-Jaafari inst\u00f3 incluir la lucha contra el terrorismo en la agenda de desarrollo post-2015 de las Naciones Unidas, teniendo en cuenta que este tema es una de las prioridades del desarrollo sostenible. Al hacer uso de la palabra en la Cumbre de Desarrollo &hellip;<\/p>\n","protected":false},"author":24,"featured_media":20273,"comment_status":"closed","ping_status":"closed","sticky":false,"template":"","format":"standard","meta":{"footnotes":""},"categories":[597,456,457,576],"tags":[6786],"class_list":["post-30633","post","type-post","status-publish","format-standard","has-post-thumbnail","","category-cinta-de-noticias","category-arabe-internacional-politica","category-noticias-arabe-internacional-politica","category-noticias-politicas","tag-al-jaafari-siria-sufre-un-terrorismo-que-esta-acabando-con-todos-los-logros-de-los-sirios-en-materia-del-desarrollo"],"_links":{"self":[{"href":"https:\/\/archive.sana.sy\/es\/index.php?rest_route=\/wp\/v2\/posts\/30633"}],"collection":[{"href":"https:\/\/archive.sana.sy\/es\/index.php?rest_route=\/wp\/v2\/posts"}],"about":[{"href":"https:\/\/archive.sana.sy\/es\/index.php?rest_route=\/wp\/v2\/types\/post"}],"author":[{"embeddable":true,"href":"https:\/\/archive.sana.sy\/es\/index.php?rest_route=\/wp\/v2\/users\/24"}],"replies":[{"embeddable":true,"href":"https:\/\/archive.sana.sy\/es\/index.php?rest_route=%2Fwp%2Fv2%2Fcomments&post=30633"}],"version-history":[{"count":0,"href":"https:\/\/archive.sana.sy\/es\/index.php?rest_route=\/wp\/v2\/posts\/30633\/revisions"}],"wp:featuredmedia":[{"embeddable":true,"href":"https:\/\/archive.sana.sy\/es\/index.php?rest_route=\/wp\/v2\/media\/20273"}],"wp:attachment":[{"href":"https:\/\/archive.sana.sy\/es\/index.php?rest_route=%2Fwp%2Fv2%2Fmedia&parent=30633"}],"wp:term":[{"taxonomy":"category","embeddable":true,"href":"https:\/\/archive.sana.sy\/es\/index.php?rest_route=%2Fwp%2Fv2%2Fcategories&post=30633"},{"taxonomy":"post_tag","embeddable":true,"href":"https:\/\/archive.sana.sy\/es\/index.php?rest_route=%2Fwp%2Fv2%2Ftags&post=30633"}],"curies":[{"name":"wp","href":"https:\/\/api.w.org\/{rel}","templated":true}]}}