{"id":306353,"date":"2023-08-14T18:11:51","date_gmt":"2023-08-14T15:11:51","guid":{"rendered":"http:\/\/sana.sy\/es\/?p=306353"},"modified":"2023-08-14T18:12:20","modified_gmt":"2023-08-14T15:12:20","slug":"siria-condena-atentado-en-iran-y-lo-tacha-de-terrorista-inhumano-e-inmoral","status":"publish","type":"post","link":"https:\/\/archive.sana.sy\/es\/?p=306353","title":{"rendered":"Siria condena atentado en Ir\u00e1n y lo tacha de terrorista, inhumano e inmoral"},"content":{"rendered":"<blockquote>\n<p style=\"text-align: justify;\"><span style=\"color: #993300;\">Por medio de un comunicado, el Ministerio de Asuntos Exteriores y Expatriados \u00a0expres\u00f3 su repudio y condena a estos actos terroristas que matan a los ciudadanos inocentes, incluidos ni\u00f1os, mujeres y ancianos.<\/span><\/p>\n<\/blockquote>\n<p style=\"text-align: justify;\"><span style=\"color: #800000;\"><strong>Damasco, 14 ago (SANA)\u00a0<\/strong> <\/span>Siria conden\u00f3 hoy en\u00e9rgicamente el atentado terrorista contra los fieles en el mausoleo religioso de Shah Cheraq en la ciudad de Shiraz en el sur de Ir\u00e1n.<\/p>\n<p style=\"text-align: justify;\">Por medio de un comunicado, el Ministerio de Asuntos Exteriores y Expatriados \u00a0expres\u00f3 su repudio y condena a estos actos terroristas que matan a los ciudadanos inocentes, incluidos ni\u00f1os, mujeres y ancianos.<\/p>\n<p style=\"text-align: justify;\"><img loading=\"lazy\" decoding=\"async\" class=\"size-medium wp-image-306356 alignleft\" src=\"http:\/\/sana.sy\/es\/wp-content\/uploads\/2023\/08\/13454553_xl-300x168.jpg\" alt=\"\" width=\"300\" height=\"168\" srcset=\"https:\/\/archive.sana.sy\/es\/wp-content\/uploads\/2023\/08\/13454553_xl-300x168.jpg 300w, https:\/\/archive.sana.sy\/es\/wp-content\/uploads\/2023\/08\/13454553_xl-150x84.jpg 150w, https:\/\/archive.sana.sy\/es\/wp-content\/uploads\/2023\/08\/13454553_xl-768x431.jpg 768w, https:\/\/archive.sana.sy\/es\/wp-content\/uploads\/2023\/08\/13454553_xl.jpg 880w\" sizes=\"(max-width: 300px) 100vw, 300px\" \/>\u201cEs un acto criminal, inhumano, inmoral e inaceptable, y las partes que brindan apoyo y financiaci\u00f3n a estos actos deben dejar de hacerlo\u201d, asegur\u00f3 la declaraci\u00f3n.<\/p>\n<p style=\"text-align: justify;\">La tarde del domingo, al menos una persona muri\u00f3 y otras ocho resultaron heridas en un ataque terrorista armado de Daesh en el santuario Shah Cheraq en la ciudad de Shiraz en el sur de Ir\u00e1n.<\/p>\n<p style=\"text-align: justify;\">Teher\u00e1n denunci\u00f3 que el atentado es parte de los fallidos intentos de los enemigos del pa\u00eds persa para minar su seguridad.<\/p>\n<p style=\"text-align: justify;\">Asimismo, conden\u00f3 el silencio de los pa\u00edses que proclaman defender los derechos humanos, pero que se han negado a reaccionar ante este acto criminal.<\/p>\n<p style=\"text-align: justify;\">fm<\/p>\n","protected":false},"excerpt":{"rendered":"<p>Por medio de un comunicado, el Ministerio de Asuntos Exteriores y Expatriados \u00a0expres\u00f3 su repudio y condena a estos actos terroristas que matan a los ciudadanos inocentes, incluidos ni\u00f1os, mujeres y ancianos. Damasco, 14 ago (SANA)\u00a0 Siria conden\u00f3 hoy en\u00e9rgicamente el atentado terrorista contra los fieles en el mausoleo religioso de Shah Cheraq en la &hellip;<\/p>\n","protected":false},"author":34,"featured_media":306354,"comment_status":"closed","ping_status":"closed","sticky":false,"template":"","format":"standard","meta":{"footnotes":""},"categories":[477,597,20724,476,467,583],"tags":[],"class_list":["post-306353","post","type-post","status-publish","format-standard","has-post-thumbnail","","category-noticias-edulcorantes","category-cinta-de-noticias","category-minuto-a-minuto","category-locales","category-siria-y-el-mundo","category-slide"],"_links":{"self":[{"href":"https:\/\/archive.sana.sy\/es\/index.php?rest_route=\/wp\/v2\/posts\/306353"}],"collection":[{"href":"https:\/\/archive.sana.sy\/es\/index.php?rest_route=\/wp\/v2\/posts"}],"about":[{"href":"https:\/\/archive.sana.sy\/es\/index.php?rest_route=\/wp\/v2\/types\/post"}],"author":[{"embeddable":true,"href":"https:\/\/archive.sana.sy\/es\/index.php?rest_route=\/wp\/v2\/users\/34"}],"replies":[{"embeddable":true,"href":"https:\/\/archive.sana.sy\/es\/index.php?rest_route=%2Fwp%2Fv2%2Fcomments&post=306353"}],"version-history":[{"count":2,"href":"https:\/\/archive.sana.sy\/es\/index.php?rest_route=\/wp\/v2\/posts\/306353\/revisions"}],"predecessor-version":[{"id":306357,"href":"https:\/\/archive.sana.sy\/es\/index.php?rest_route=\/wp\/v2\/posts\/306353\/revisions\/306357"}],"wp:featuredmedia":[{"embeddable":true,"href":"https:\/\/archive.sana.sy\/es\/index.php?rest_route=\/wp\/v2\/media\/306354"}],"wp:attachment":[{"href":"https:\/\/archive.sana.sy\/es\/index.php?rest_route=%2Fwp%2Fv2%2Fmedia&parent=306353"}],"wp:term":[{"taxonomy":"category","embeddable":true,"href":"https:\/\/archive.sana.sy\/es\/index.php?rest_route=%2Fwp%2Fv2%2Fcategories&post=306353"},{"taxonomy":"post_tag","embeddable":true,"href":"https:\/\/archive.sana.sy\/es\/index.php?rest_route=%2Fwp%2Fv2%2Ftags&post=306353"}],"curies":[{"name":"wp","href":"https:\/\/api.w.org\/{rel}","templated":true}]}}