{"id":306384,"date":"2023-08-15T17:57:50","date_gmt":"2023-08-15T14:57:50","guid":{"rendered":"http:\/\/sana.sy\/es\/?p=306384"},"modified":"2023-08-15T17:57:25","modified_gmt":"2023-08-15T14:57:25","slug":"israel-es-amenaza-a-estabilidad-regional-y-es-complice-en-las-agresiones-de-washington-denuncia-siria","status":"publish","type":"post","link":"https:\/\/archive.sana.sy\/es\/?p=306384","title":{"rendered":"&#8220;Israel&#8221; es amenaza a estabilidad regional y es c\u00f3mplice en las agresiones de Washington, denuncia Siria"},"content":{"rendered":"<blockquote>\n<p style=\"text-align: justify\"><span style=\"color: #993300\">Muchos pa\u00edses sufrieron los males del Occidente colonial, ya que Estados Unidos y sus aliados trabajaron, provocando conflictos y apoyando a organizaciones terroristas, para destruir pa\u00edses como Iraq, Libia, L\u00edbano y Siria, esta \u00faltima a\u00fan sufren la agresi\u00f3n de estos pa\u00edses y del terrorismo desde hace 12 a\u00f1os, afirm\u00f3 el ministro de Defensa de Siria, el teniente general Ali Mahmoud Abbas<\/span><\/p>\n<\/blockquote>\n<p style=\"text-align: justify\"><span style=\"color: #800000\"><strong>Mosc\u00fa, 15 ago (SANA)<\/strong> <\/span>El ministro de Defensa de Siria, el teniente general Ali Mahmoud Abbas, afirm\u00f3 que el mundo es testigo de una escalada en las disputas y los conflictos en diferentes regiones.<\/p>\n<p style=\"text-align: justify\">Esta escalada requiere esfuerzos efectivos adicionales y una cooperaci\u00f3n seria para llegar a la mejor situaci\u00f3n de seguridad aspirada por los pueblos, afirm\u00f3 durante un discurso ante la Conferencia de Mosc\u00fa sobre Seguridad Internacional.<\/p>\n<p style=\"text-align: justify\">Asegur\u00f3 que muchos pa\u00edses sufrieron los males del Occidente colonial, ya que Estados Unidos y sus aliados trabajaron, provocando conflictos y apoyando a organizaciones terroristas, para destruir pa\u00edses como Iraq, Libia, L\u00edbano y Siria, esta \u00faltima a\u00fan sufren la agresi\u00f3n de estos pa\u00edses y del terrorismo desde hace 12 a\u00f1os.<\/p>\n<p style=\"text-align: justify\">Asimismo, agradeci\u00f3 la Federaci\u00f3n Rusa y a todos los pa\u00edses activos e influyentes por sus grandes esfuerzos en el contexto de enfrentar las amenazas y riesgos globales, especialmente las agresivas pol\u00edticas estadounidenses y los intentos de monopolizar la decisi\u00f3n internacional.<\/p>\n<p style=\"text-align: justify\">Sobre la situaci\u00f3n en Siria, el titular dijo que tras el \u00e9xito de las Fuerzas Armadas, con la ayuda de los amigos, en derrotar la agresi\u00f3n y eliminar gran parte del terrorismo, los pa\u00edses del Occidente colonial recurrieron a desatar una guerra econ\u00f3mica y un cerco mortal contra el pueblo sirio.<\/p>\n<p style=\"text-align: justify\">Denunci\u00f3 que Washington y sus aliados siguen insistiendo en apoyar el terrorismo.<\/p>\n<p style=\"text-align: justify\">El alto mando aclar\u00f3 que la coalici\u00f3n internacional que dirige EE.UU. ocupa \u00e1reas importantes en Siria, saquea sus riquezas y apoya el terrorismo y las milicias separatistas que act\u00faan al servicio de agendas coloniales.<\/p>\n<p style=\"text-align: justify\">Tambi\u00e9n consider\u00f3 que la ocupaci\u00f3n de Turqu\u00eda a partes de Siria y sus pr\u00e1cticas criminales constituye una flagrante violaci\u00f3n de los convenios y normas internacionales y una flagrante agresi\u00f3n contra un pa\u00eds soberano e independiente.<\/p>\n<p style=\"text-align: justify\">&#8220;Israel&#8221; constituye la amenaza m\u00e1s prominente a la seguridad y estabilidad de la regi\u00f3n, y es un c\u00f3mplice esencial en las agresiones de Estados Unidos en la regi\u00f3n, denunci\u00f3 el alto mando.<\/p>\n<p style=\"text-align: justify\">fm\/as<\/p>\n","protected":false},"excerpt":{"rendered":"<p>Muchos pa\u00edses sufrieron los males del Occidente colonial, ya que Estados Unidos y sus aliados trabajaron, provocando conflictos y apoyando a organizaciones terroristas, para destruir pa\u00edses como Iraq, Libia, L\u00edbano y Siria, esta \u00faltima a\u00fan sufren la agresi\u00f3n de estos pa\u00edses y del terrorismo desde hace 12 a\u00f1os, afirm\u00f3 el ministro de Defensa de Siria, &hellip;<\/p>\n","protected":false},"author":42,"featured_media":306386,"comment_status":"closed","ping_status":"closed","sticky":false,"template":"","format":"standard","meta":{"footnotes":""},"categories":[597,20724,467,583],"tags":[],"class_list":["post-306384","post","type-post","status-publish","format-standard","has-post-thumbnail","","category-cinta-de-noticias","category-minuto-a-minuto","category-siria-y-el-mundo","category-slide"],"_links":{"self":[{"href":"https:\/\/archive.sana.sy\/es\/index.php?rest_route=\/wp\/v2\/posts\/306384"}],"collection":[{"href":"https:\/\/archive.sana.sy\/es\/index.php?rest_route=\/wp\/v2\/posts"}],"about":[{"href":"https:\/\/archive.sana.sy\/es\/index.php?rest_route=\/wp\/v2\/types\/post"}],"author":[{"embeddable":true,"href":"https:\/\/archive.sana.sy\/es\/index.php?rest_route=\/wp\/v2\/users\/42"}],"replies":[{"embeddable":true,"href":"https:\/\/archive.sana.sy\/es\/index.php?rest_route=%2Fwp%2Fv2%2Fcomments&post=306384"}],"version-history":[{"count":4,"href":"https:\/\/archive.sana.sy\/es\/index.php?rest_route=\/wp\/v2\/posts\/306384\/revisions"}],"predecessor-version":[{"id":306421,"href":"https:\/\/archive.sana.sy\/es\/index.php?rest_route=\/wp\/v2\/posts\/306384\/revisions\/306421"}],"wp:featuredmedia":[{"embeddable":true,"href":"https:\/\/archive.sana.sy\/es\/index.php?rest_route=\/wp\/v2\/media\/306386"}],"wp:attachment":[{"href":"https:\/\/archive.sana.sy\/es\/index.php?rest_route=%2Fwp%2Fv2%2Fmedia&parent=306384"}],"wp:term":[{"taxonomy":"category","embeddable":true,"href":"https:\/\/archive.sana.sy\/es\/index.php?rest_route=%2Fwp%2Fv2%2Fcategories&post=306384"},{"taxonomy":"post_tag","embeddable":true,"href":"https:\/\/archive.sana.sy\/es\/index.php?rest_route=%2Fwp%2Fv2%2Ftags&post=306384"}],"curies":[{"name":"wp","href":"https:\/\/api.w.org\/{rel}","templated":true}]}}