{"id":306404,"date":"2023-08-15T17:25:33","date_gmt":"2023-08-15T14:25:33","guid":{"rendered":"http:\/\/sana.sy\/es\/?p=306404"},"modified":"2023-08-15T17:40:26","modified_gmt":"2023-08-15T14:40:26","slug":"denuncian-que-el-ocupante-israeli-sigue-deteniendo-a-170-menores-de-edad-palestinos","status":"publish","type":"post","link":"https:\/\/archive.sana.sy\/es\/?p=306404","title":{"rendered":"170 menores palestinos detenidos en c\u00e1rceles israel\u00edes"},"content":{"rendered":"<blockquote>\n<p style=\"text-align: justify\"><span style=\"color: #993300\">\u201cLas violaciones contra ni\u00f1os en los centros de detenci\u00f3n del ocupante constituyen una verg\u00fcenza para las Naciones Unidas y las organizaciones internacionales de derechos humanos, que no pudieron asegurar el m\u00ednimo nivel de protecci\u00f3n para estos ni\u00f1os\u201d<\/span><\/p>\n<\/blockquote>\n<p style=\"text-align: justify\"><span style=\"color: #800000\"><strong>Jerusal\u00e9n ocupada, 15 ago (SANA)<\/strong><\/span> La Comisi\u00f3n para Asuntos de Detenidos Palestinos confirm\u00f3 hoy que 170 ni\u00f1os palestinos siguen en las c\u00e1rceles del ocupante israel\u00ed y viven en p\u00e9simas condiciones humanitarias.<\/p>\n<p style=\"text-align: justify\">En un informe emitido este martes, la entidad palestina afirm\u00f3 que las autoridades ocupantes encarcelan a los menores en las prisiones de Ofer, Megiddo y Damon, donde se someten a salvajes m\u00e9todos de tortura f\u00edsica y psicol\u00f3gica, hecho que constituye una violaci\u00f3n de las leyes y normas internacionales de derechos humanos.<\/p>\n<p style=\"text-align: justify\">\u201cLas violaciones a las que est\u00e1n sometidos los menores de edad en los centros de detenci\u00f3n del ocupante constituyen una verg\u00fcenza para las Naciones Unidas y las organizaciones internacionales de derechos humanos, que no pudieron asegurar el m\u00ednimo nivel de protecci\u00f3n para estos ni\u00f1os\u201d, se\u00f1al\u00f3 el comunicado.<\/p>\n<p style=\"text-align: justify\">Explic\u00f3 que desde el a\u00f1o 2000 , las fuerzas israel\u00edes han arrestado al menos 17 mil menores de edad palestinos, cuyas edades oscila entre 12 y 18 a\u00f1os, asimismo se han registrado muchos casos de detenci\u00f3n de ni\u00f1os menores de 10 a\u00f1os.<\/p>\n<p style=\"text-align: justify\">Indic\u00f3 que la mayor cifra de ni\u00f1os detenidos se centra en la ciudad de Quds- Jerusal\u00e9n, donde decenas de ellos se encuentran en centros de detenci\u00f3n, y otros se les impuso el arresto domiciliario y multas.<\/p>\n<p style=\"text-align: justify\">El n\u00famero de prisioneros en los centros de detenci\u00f3n israel\u00edes ha llegado a 5 mil, incluidos 170 ni\u00f1os, 31 ni\u00f1as y mujeres y 18 periodistas, adem\u00e1s de 700 detenidos con varias enfermedades, de los cuales unos 200 necesitan atenci\u00f3n m\u00e9dica urgente.<\/p>\n<p style=\"text-align: justify\">la\/fm<\/p>\n","protected":false},"excerpt":{"rendered":"<p>\u201cLas violaciones contra ni\u00f1os en los centros de detenci\u00f3n del ocupante constituyen una verg\u00fcenza para las Naciones Unidas y las organizaciones internacionales de derechos humanos, que no pudieron asegurar el m\u00ednimo nivel de protecci\u00f3n para estos ni\u00f1os\u201d Jerusal\u00e9n ocupada, 15 ago (SANA) La Comisi\u00f3n para Asuntos de Detenidos Palestinos confirm\u00f3 hoy que 170 ni\u00f1os palestinos &hellip;<\/p>\n","protected":false},"author":24,"featured_media":306407,"comment_status":"closed","ping_status":"closed","sticky":false,"template":"","format":"standard","meta":{"footnotes":""},"categories":[447,597,456,16687,20724,448,583],"tags":[22336,21943,19958,1494],"class_list":["post-306404","post","type-post","status-publish","format-standard","has-post-thumbnail","","category-local-politica","category-cinta-de-noticias","category-arabe-internacional-politica","category-internacionales","category-minuto-a-minuto","category-noticias","category-slide","tag-carceles-israelies","tag-menores-de-edad","tag-ocupante-israeli","tag-palestina"],"_links":{"self":[{"href":"https:\/\/archive.sana.sy\/es\/index.php?rest_route=\/wp\/v2\/posts\/306404"}],"collection":[{"href":"https:\/\/archive.sana.sy\/es\/index.php?rest_route=\/wp\/v2\/posts"}],"about":[{"href":"https:\/\/archive.sana.sy\/es\/index.php?rest_route=\/wp\/v2\/types\/post"}],"author":[{"embeddable":true,"href":"https:\/\/archive.sana.sy\/es\/index.php?rest_route=\/wp\/v2\/users\/24"}],"replies":[{"embeddable":true,"href":"https:\/\/archive.sana.sy\/es\/index.php?rest_route=%2Fwp%2Fv2%2Fcomments&post=306404"}],"version-history":[{"count":4,"href":"https:\/\/archive.sana.sy\/es\/index.php?rest_route=\/wp\/v2\/posts\/306404\/revisions"}],"predecessor-version":[{"id":306410,"href":"https:\/\/archive.sana.sy\/es\/index.php?rest_route=\/wp\/v2\/posts\/306404\/revisions\/306410"}],"wp:featuredmedia":[{"embeddable":true,"href":"https:\/\/archive.sana.sy\/es\/index.php?rest_route=\/wp\/v2\/media\/306407"}],"wp:attachment":[{"href":"https:\/\/archive.sana.sy\/es\/index.php?rest_route=%2Fwp%2Fv2%2Fmedia&parent=306404"}],"wp:term":[{"taxonomy":"category","embeddable":true,"href":"https:\/\/archive.sana.sy\/es\/index.php?rest_route=%2Fwp%2Fv2%2Fcategories&post=306404"},{"taxonomy":"post_tag","embeddable":true,"href":"https:\/\/archive.sana.sy\/es\/index.php?rest_route=%2Fwp%2Fv2%2Ftags&post=306404"}],"curies":[{"name":"wp","href":"https:\/\/api.w.org\/{rel}","templated":true}]}}