{"id":306411,"date":"2023-08-15T19:17:50","date_gmt":"2023-08-15T16:17:50","guid":{"rendered":"http:\/\/sana.sy\/es\/?p=306411"},"modified":"2023-08-15T19:17:08","modified_gmt":"2023-08-15T16:17:08","slug":"canciller-sirio-sostiene-conversaciones-positivas-y-constructivas-con-sus-homologos-de-egipto-jordania-y-arabia-saudita","status":"publish","type":"post","link":"https:\/\/archive.sana.sy\/es\/?p=306411","title":{"rendered":"Canciller sirio sostiene conversaciones positivas con sus hom\u00f3logos de Egipto, Jordania y Arabia Saudita"},"content":{"rendered":"<p style=\"text-align: justify\"><span style=\"color: #800000\"><strong>El Cairo, 15 ago (SANA)<\/strong><\/span> El ministro de Asuntos Exteriores y Expatriados, Faisal Al-Mekdad, sostuvo hoy en El Cairo, la capital egipcia, una serie de reuniones bilaterales por separado con sus pares de Egipto, Sameh Shoukry; del Reino Hachemita de Jordania, Ayman Safadi; y de Arabia Saudita, Faisal bin Farhan.<\/p>\n<p style=\"text-align: justify\">Durante los encuentros, el jefe de la diplomacia siria repas\u00f3 con sus hom\u00f3logos \u00e1rabes los temas incluidos en la agenda de la reuni\u00f3n del Comit\u00e9 de Contacto \u00c1rabe sobre Siria, que se celebrar\u00e1 hoy en la capital egipcia.<\/p>\n<p style=\"text-align: justify\">Las conversaciones fueron positivas y constructivas, y se acord\u00f3 continuar la coordinaci\u00f3n y cooperaci\u00f3n conjunta entre los pa\u00edses en cuesti\u00f3n.<\/p>\n<div id='gallery-1' class='gallery galleryid-306411 gallery-columns-1 gallery-size-full'><figure class='gallery-item'>\n\t\t\t<div class='gallery-icon landscape'>\n\t\t\t\t<a href='https:\/\/archive.sana.sy\/es\/wp-content\/uploads\/2023\/08\/Canciller-sirio-sostiene-conversaciones-positivas-y-constructivas-con-sus-homologos-de-Egipto-Jordania-y-Arabia-Saudita-2.jpeg'><img loading=\"lazy\" decoding=\"async\" width=\"660\" height=\"362\" src=\"https:\/\/archive.sana.sy\/es\/wp-content\/uploads\/2023\/08\/Canciller-sirio-sostiene-conversaciones-positivas-y-constructivas-con-sus-homologos-de-Egipto-Jordania-y-Arabia-Saudita-2.jpeg\" class=\"attachment-full size-full\" alt=\"\" srcset=\"https:\/\/archive.sana.sy\/es\/wp-content\/uploads\/2023\/08\/Canciller-sirio-sostiene-conversaciones-positivas-y-constructivas-con-sus-homologos-de-Egipto-Jordania-y-Arabia-Saudita-2.jpeg 660w, https:\/\/archive.sana.sy\/es\/wp-content\/uploads\/2023\/08\/Canciller-sirio-sostiene-conversaciones-positivas-y-constructivas-con-sus-homologos-de-Egipto-Jordania-y-Arabia-Saudita-2-300x165.jpeg 300w, https:\/\/archive.sana.sy\/es\/wp-content\/uploads\/2023\/08\/Canciller-sirio-sostiene-conversaciones-positivas-y-constructivas-con-sus-homologos-de-Egipto-Jordania-y-Arabia-Saudita-2-150x82.jpeg 150w\" sizes=\"(max-width: 660px) 100vw, 660px\" \/><\/a>\n\t\t\t<\/div><\/figure><figure class='gallery-item'>\n\t\t\t<div class='gallery-icon landscape'>\n\t\t\t\t<a href='https:\/\/archive.sana.sy\/es\/wp-content\/uploads\/2023\/08\/Canciller-sirio-sostiene-conversaciones-positivas-y-constructivas-con-sus-homologos-de-Egipto-Jordania-y-Arabia-Saudita-3.jpeg'><img loading=\"lazy\" decoding=\"async\" width=\"660\" height=\"532\" src=\"https:\/\/archive.sana.sy\/es\/wp-content\/uploads\/2023\/08\/Canciller-sirio-sostiene-conversaciones-positivas-y-constructivas-con-sus-homologos-de-Egipto-Jordania-y-Arabia-Saudita-3.jpeg\" class=\"attachment-full size-full\" alt=\"\" srcset=\"https:\/\/archive.sana.sy\/es\/wp-content\/uploads\/2023\/08\/Canciller-sirio-sostiene-conversaciones-positivas-y-constructivas-con-sus-homologos-de-Egipto-Jordania-y-Arabia-Saudita-3.jpeg 660w, https:\/\/archive.sana.sy\/es\/wp-content\/uploads\/2023\/08\/Canciller-sirio-sostiene-conversaciones-positivas-y-constructivas-con-sus-homologos-de-Egipto-Jordania-y-Arabia-Saudita-3-300x242.jpeg 300w, https:\/\/archive.sana.sy\/es\/wp-content\/uploads\/2023\/08\/Canciller-sirio-sostiene-conversaciones-positivas-y-constructivas-con-sus-homologos-de-Egipto-Jordania-y-Arabia-Saudita-3-150x121.jpeg 150w\" sizes=\"(max-width: 660px) 100vw, 660px\" \/><\/a>\n\t\t\t<\/div><\/figure><figure class='gallery-item'>\n\t\t\t<div class='gallery-icon landscape'>\n\t\t\t\t<a href='https:\/\/archive.sana.sy\/es\/wp-content\/uploads\/2023\/08\/Canciller-sirio-sostiene-conversaciones-positivas-y-constructivas-con-sus-homologos-de-Egipto-Jordania-y-Arabia-Saudita-4.jpeg'><img loading=\"lazy\" decoding=\"async\" width=\"660\" height=\"495\" src=\"https:\/\/archive.sana.sy\/es\/wp-content\/uploads\/2023\/08\/Canciller-sirio-sostiene-conversaciones-positivas-y-constructivas-con-sus-homologos-de-Egipto-Jordania-y-Arabia-Saudita-4.jpeg\" class=\"attachment-full size-full\" alt=\"\" srcset=\"https:\/\/archive.sana.sy\/es\/wp-content\/uploads\/2023\/08\/Canciller-sirio-sostiene-conversaciones-positivas-y-constructivas-con-sus-homologos-de-Egipto-Jordania-y-Arabia-Saudita-4.jpeg 660w, https:\/\/archive.sana.sy\/es\/wp-content\/uploads\/2023\/08\/Canciller-sirio-sostiene-conversaciones-positivas-y-constructivas-con-sus-homologos-de-Egipto-Jordania-y-Arabia-Saudita-4-300x225.jpeg 300w, https:\/\/archive.sana.sy\/es\/wp-content\/uploads\/2023\/08\/Canciller-sirio-sostiene-conversaciones-positivas-y-constructivas-con-sus-homologos-de-Egipto-Jordania-y-Arabia-Saudita-4-150x113.jpeg 150w\" sizes=\"(max-width: 660px) 100vw, 660px\" \/><\/a>\n\t\t\t<\/div><\/figure>\n\t\t<\/div>\n\n<p>&nbsp;<\/p>\n<p style=\"text-align: justify\">la\/fm<\/p>\n","protected":false},"excerpt":{"rendered":"<p>El Cairo, 15 ago (SANA) El ministro de Asuntos Exteriores y Expatriados, Faisal Al-Mekdad, sostuvo hoy en El Cairo, la capital egipcia, una serie de reuniones bilaterales por separado con sus pares de Egipto, Sameh Shoukry; del Reino Hachemita de Jordania, Ayman Safadi; y de Arabia Saudita, Faisal bin Farhan. Durante los encuentros, el jefe &hellip;<\/p>\n","protected":false},"author":24,"featured_media":306412,"comment_status":"closed","ping_status":"closed","sticky":false,"template":"","format":"standard","meta":{"footnotes":""},"categories":[447,597,20724,476,448,7541],"tags":[7783,21957,8253,10571,8781],"class_list":["post-306411","post","type-post","status-publish","format-standard","has-post-thumbnail","","category-local-politica","category-cinta-de-noticias","category-minuto-a-minuto","category-locales","category-noticias","category-ultimas-noticias","tag-arabia-saudita","tag-canciller-al-mekdad","tag-egipto","tag-el-cairo","tag-jordania"],"_links":{"self":[{"href":"https:\/\/archive.sana.sy\/es\/index.php?rest_route=\/wp\/v2\/posts\/306411"}],"collection":[{"href":"https:\/\/archive.sana.sy\/es\/index.php?rest_route=\/wp\/v2\/posts"}],"about":[{"href":"https:\/\/archive.sana.sy\/es\/index.php?rest_route=\/wp\/v2\/types\/post"}],"author":[{"embeddable":true,"href":"https:\/\/archive.sana.sy\/es\/index.php?rest_route=\/wp\/v2\/users\/24"}],"replies":[{"embeddable":true,"href":"https:\/\/archive.sana.sy\/es\/index.php?rest_route=%2Fwp%2Fv2%2Fcomments&post=306411"}],"version-history":[{"count":2,"href":"https:\/\/archive.sana.sy\/es\/index.php?rest_route=\/wp\/v2\/posts\/306411\/revisions"}],"predecessor-version":[{"id":306417,"href":"https:\/\/archive.sana.sy\/es\/index.php?rest_route=\/wp\/v2\/posts\/306411\/revisions\/306417"}],"wp:featuredmedia":[{"embeddable":true,"href":"https:\/\/archive.sana.sy\/es\/index.php?rest_route=\/wp\/v2\/media\/306412"}],"wp:attachment":[{"href":"https:\/\/archive.sana.sy\/es\/index.php?rest_route=%2Fwp%2Fv2%2Fmedia&parent=306411"}],"wp:term":[{"taxonomy":"category","embeddable":true,"href":"https:\/\/archive.sana.sy\/es\/index.php?rest_route=%2Fwp%2Fv2%2Fcategories&post=306411"},{"taxonomy":"post_tag","embeddable":true,"href":"https:\/\/archive.sana.sy\/es\/index.php?rest_route=%2Fwp%2Fv2%2Ftags&post=306411"}],"curies":[{"name":"wp","href":"https:\/\/api.w.org\/{rel}","templated":true}]}}