{"id":306422,"date":"2023-08-15T18:53:40","date_gmt":"2023-08-15T15:53:40","guid":{"rendered":"http:\/\/sana.sy\/es\/?p=306422"},"modified":"2023-08-15T18:53:40","modified_gmt":"2023-08-15T15:53:40","slug":"destacan-labor-de-periodistas-sirios-por-el-dia-de-la-prensa","status":"publish","type":"post","link":"https:\/\/archive.sana.sy\/es\/?p=306422","title":{"rendered":"Destacan labor de periodistas sirios por el D\u00eda de la Prensa"},"content":{"rendered":"<blockquote>\n<p style=\"text-align: justify\"><span style=\"color: #993300\">El jefe del departamento de noticias locales de la agencia SANA, Amer Dib, declar\u00f3 que los medios nacionales pudieron, a pesar de la desinformaci\u00f3n ejercida por la maquinaria medi\u00e1tica occidental y las injustas medidas coercitivas aplicadas contra el pa\u00eds, hacer llegar la voz de la verdad y mostrar la realidad de los que est\u00e1n ocurriendo en Siria a la opini\u00f3n p\u00fablica mundial.<\/span><\/p>\n<\/blockquote>\n<p style=\"text-align: justify\"><span style=\"color: #800000\"><strong>Damasco, 15 ago (SANA)<\/strong><\/span> La Uni\u00f3n de Periodistas de Siria organiz\u00f3 hoy un acto en la sede de la Agencia \u00c1rabe Siria de Noticias (SANA), con motivo del 17 aniversario de la Prensa Siria.<\/p>\n<p style=\"text-align: justify\">Durante el encuentro, los presentes destacaron el profesionalismo y la transparencia de la prensa siria al tratar los diversos temas de la sociedad siria, y su papel en hacer frente a las campa\u00f1as de desinformaci\u00f3n orquestadas por Occidente.<\/p>\n<p style=\"text-align: justify\">El jefe de la Uni\u00f3n de Periodistas, Musa Abdel Nour, reiter\u00f3 el apego de los periodistas a los nobles objetivos y principios patri\u00f3ticos, y resalt\u00f3 sus destacados esfuerzos durante la guerra terrorista en la que cayeron decenas de periodistas durante su cobertura, el \u00faltimo fue el corresponsal del canal Sama TV, Firas Al-Ahmad.<\/p>\n<p style=\"text-align: justify\">La vicepresidenta de la Uni\u00f3n, Raeda Waqaf, valor\u00f3 el profesionalismo de los medios de comunicaci\u00f3n a la hora de trasmitir la verdadera imagen de los hechos en Siria, y subray\u00f3 la necesidad de estar atentos a la terminolog\u00eda y los conceptos utilizados por los otros medios de comunicaci\u00f3n con el fin de tergiversar y deformar los hechos.<\/p>\n<p style=\"text-align: justify\">El jefe del departamento de noticias locales de la agencia SANA, Amer Dib, declar\u00f3 que los medios nacionales consiguieron, a pesar de la desinformaci\u00f3n ejercida por la maquinaria medi\u00e1tica occidental y las injustas medidas coercitivas aplicadas contra el pa\u00eds, hacer llegar la voz de la verdad y mostrar la realidad de los que est\u00e1n ocurriendo en Siria a la opini\u00f3n p\u00fablica mundial.<\/p>\n<p style=\"text-align: justify\">\nla\/fm<\/p>\n","protected":false},"excerpt":{"rendered":"<p>El jefe del departamento de noticias locales de la agencia SANA, Amer Dib, declar\u00f3 que los medios nacionales pudieron, a pesar de la desinformaci\u00f3n ejercida por la maquinaria medi\u00e1tica occidental y las injustas medidas coercitivas aplicadas contra el pa\u00eds, hacer llegar la voz de la verdad y mostrar la realidad de los que est\u00e1n ocurriendo &hellip;<\/p>\n","protected":false},"author":24,"featured_media":306423,"comment_status":"closed","ping_status":"closed","sticky":false,"template":"","format":"standard","meta":{"footnotes":""},"categories":[447,597,20724,476,448,7541],"tags":[22338,22337],"class_list":["post-306422","post","type-post","status-publish","format-standard","has-post-thumbnail","","category-local-politica","category-cinta-de-noticias","category-minuto-a-minuto","category-locales","category-noticias","category-ultimas-noticias","tag-acto-en-sana","tag-prensa-siria"],"_links":{"self":[{"href":"https:\/\/archive.sana.sy\/es\/index.php?rest_route=\/wp\/v2\/posts\/306422"}],"collection":[{"href":"https:\/\/archive.sana.sy\/es\/index.php?rest_route=\/wp\/v2\/posts"}],"about":[{"href":"https:\/\/archive.sana.sy\/es\/index.php?rest_route=\/wp\/v2\/types\/post"}],"author":[{"embeddable":true,"href":"https:\/\/archive.sana.sy\/es\/index.php?rest_route=\/wp\/v2\/users\/24"}],"replies":[{"embeddable":true,"href":"https:\/\/archive.sana.sy\/es\/index.php?rest_route=%2Fwp%2Fv2%2Fcomments&post=306422"}],"version-history":[{"count":1,"href":"https:\/\/archive.sana.sy\/es\/index.php?rest_route=\/wp\/v2\/posts\/306422\/revisions"}],"predecessor-version":[{"id":306424,"href":"https:\/\/archive.sana.sy\/es\/index.php?rest_route=\/wp\/v2\/posts\/306422\/revisions\/306424"}],"wp:featuredmedia":[{"embeddable":true,"href":"https:\/\/archive.sana.sy\/es\/index.php?rest_route=\/wp\/v2\/media\/306423"}],"wp:attachment":[{"href":"https:\/\/archive.sana.sy\/es\/index.php?rest_route=%2Fwp%2Fv2%2Fmedia&parent=306422"}],"wp:term":[{"taxonomy":"category","embeddable":true,"href":"https:\/\/archive.sana.sy\/es\/index.php?rest_route=%2Fwp%2Fv2%2Fcategories&post=306422"},{"taxonomy":"post_tag","embeddable":true,"href":"https:\/\/archive.sana.sy\/es\/index.php?rest_route=%2Fwp%2Fv2%2Ftags&post=306422"}],"curies":[{"name":"wp","href":"https:\/\/api.w.org\/{rel}","templated":true}]}}