{"id":306479,"date":"2023-08-16T15:22:05","date_gmt":"2023-08-16T12:22:05","guid":{"rendered":"http:\/\/sana.sy\/es\/?p=306479"},"modified":"2023-08-16T15:22:05","modified_gmt":"2023-08-16T12:22:05","slug":"siria-y-tunez-repasan-cooperacion-en-materia-de-seguridad","status":"publish","type":"post","link":"https:\/\/archive.sana.sy\/es\/?p=306479","title":{"rendered":"Siria y T\u00fanez repasan cooperaci\u00f3n en materia de seguridad"},"content":{"rendered":"<blockquote>\n<p style=\"text-align: justify;\"><span style=\"color: #993300;\">El ministro sirio destac\u00f3 la disposici\u00f3n de cuidar los intereses de la comunidad tunecina en Siria y brindar todas las facilidades a los ciudadanos tunecinos que residen en Siria y solucionar sus problemas.<\/span><\/p>\n<\/blockquote>\n<p style=\"text-align: justify;\"><span style=\"color: #800000;\"><strong>Damasco, 16 ago (SANA)<\/strong> <\/span>El ministro sirio del Interior el mayor general Mohammed Al-Rahmoun, recibi\u00f3 hoy al Embajador Extraordinario y Plenipotenciario de la Rep\u00fablica de T\u00fanez en Siria, Muhammad bin Al-Bashir Al-Mahdhabi.<\/p>\n<p style=\"text-align: justify;\">Las dos partes trataron las relaciones de cooperaci\u00f3n conjunta entre los dos pa\u00edses hermanos en varios campos, especialmente en el campo de la seguridad.<\/p>\n<p style=\"text-align: justify;\">El ministro sirio destac\u00f3 la disposici\u00f3n de cidar los intereses de la comunidad tunecina en Siria y brindar todas las facilidades a los ciudadanos tunecinos que residen en Siria y solucionar sus problemas.<\/p>\n<p style=\"text-align: justify;\">Consider\u00f3 que las relaciones entre T\u00fanez y Siria son profundas y arraigadas, y manifest\u00f3 la voluntad de seguir desarroll\u00e1ndolas y fortaleci\u00e9ndolas en diversos campos, de manera que contribuya a superar los desaf\u00edos actuales.<\/p>\n<p style=\"text-align: justify;\">Por su parte, el embajador Al-Mahdhabi dijo que har\u00e1 todos los esfuerzos por fortalecer y desarrollar las relaciones entre los dos pa\u00edses, en beneficio e inter\u00e9s de los dos pueblos hermanos.<\/p>\n<p style=\"text-align: justify;\">fm\/as<\/p>\n","protected":false},"excerpt":{"rendered":"<p>El ministro sirio destac\u00f3 la disposici\u00f3n de cuidar los intereses de la comunidad tunecina en Siria y brindar todas las facilidades a los ciudadanos tunecinos que residen en Siria y solucionar sus problemas. Damasco, 16 ago (SANA) El ministro sirio del Interior el mayor general Mohammed Al-Rahmoun, recibi\u00f3 hoy al Embajador Extraordinario y Plenipotenciario de &hellip;<\/p>\n","protected":false},"author":42,"featured_media":306480,"comment_status":"closed","ping_status":"closed","sticky":false,"template":"","format":"standard","meta":{"footnotes":""},"categories":[597,20724,476,16688,7541],"tags":[],"class_list":["post-306479","post","type-post","status-publish","format-standard","has-post-thumbnail","","category-cinta-de-noticias","category-minuto-a-minuto","category-locales","category-nacionales","category-ultimas-noticias"],"_links":{"self":[{"href":"https:\/\/archive.sana.sy\/es\/index.php?rest_route=\/wp\/v2\/posts\/306479"}],"collection":[{"href":"https:\/\/archive.sana.sy\/es\/index.php?rest_route=\/wp\/v2\/posts"}],"about":[{"href":"https:\/\/archive.sana.sy\/es\/index.php?rest_route=\/wp\/v2\/types\/post"}],"author":[{"embeddable":true,"href":"https:\/\/archive.sana.sy\/es\/index.php?rest_route=\/wp\/v2\/users\/42"}],"replies":[{"embeddable":true,"href":"https:\/\/archive.sana.sy\/es\/index.php?rest_route=%2Fwp%2Fv2%2Fcomments&post=306479"}],"version-history":[{"count":1,"href":"https:\/\/archive.sana.sy\/es\/index.php?rest_route=\/wp\/v2\/posts\/306479\/revisions"}],"predecessor-version":[{"id":306481,"href":"https:\/\/archive.sana.sy\/es\/index.php?rest_route=\/wp\/v2\/posts\/306479\/revisions\/306481"}],"wp:featuredmedia":[{"embeddable":true,"href":"https:\/\/archive.sana.sy\/es\/index.php?rest_route=\/wp\/v2\/media\/306480"}],"wp:attachment":[{"href":"https:\/\/archive.sana.sy\/es\/index.php?rest_route=%2Fwp%2Fv2%2Fmedia&parent=306479"}],"wp:term":[{"taxonomy":"category","embeddable":true,"href":"https:\/\/archive.sana.sy\/es\/index.php?rest_route=%2Fwp%2Fv2%2Fcategories&post=306479"},{"taxonomy":"post_tag","embeddable":true,"href":"https:\/\/archive.sana.sy\/es\/index.php?rest_route=%2Fwp%2Fv2%2Ftags&post=306479"}],"curies":[{"name":"wp","href":"https:\/\/api.w.org\/{rel}","templated":true}]}}