{"id":306497,"date":"2023-08-16T17:00:10","date_gmt":"2023-08-16T14:00:10","guid":{"rendered":"http:\/\/sana.sy\/es\/?p=306497"},"modified":"2023-08-16T18:42:17","modified_gmt":"2023-08-16T15:42:17","slug":"servicio-de-inteligencia-britanico-formo-escuadron-ucraniano-para-realizar-operaciones-de-sabotaje-en-africa","status":"publish","type":"post","link":"https:\/\/archive.sana.sy\/es\/?p=306497","title":{"rendered":"Servicio de inteligencia brit\u00e1nico form\u00f3 escuadr\u00f3n ucraniano para realizar operaciones de sabotaje en \u00c1frica"},"content":{"rendered":"<p style=\"text-align: justify\"><span style=\"color: #800000\"><strong>Mosc\u00fa, 16 ago (SANA)<\/strong><\/span> El servicio de inteligencia del Reino Unido MI-6 ha preparado un escuadr\u00f3n de sabotaje y asesinato integrado de 100 militantes de grupos ultranacionalistas y neonazis ucranianos para llevar a cabo operaciones en el suelo africano, cit\u00f3 la agencia TASS a una fuente militar-diplom\u00e1tica.<\/p>\n<p style=\"text-align: justify\">Esta acci\u00f3n se trata de en un intento para impedir la cooperaci\u00f3n entre pa\u00edses africanos y Rusia, destac\u00f3 la fuente.<\/p>\n<p style=\"text-align: justify\">Seg\u00fan la fuente, el gobierno de Kiev dio instrucciones en julio pasado al servicio de seguridad nacional del pa\u00eds SBU, al servicio de inteligencia militar GUR y al Ministerio de Defensa para ayudar al MI-6 para seleccionar un centenar de militantes de grupos ultranacionalistas ucranianos con amplia experiencia de combate.<\/p>\n<p style=\"text-align: justify\">La misi\u00f3n del escuadr\u00f3n ucraniano ser\u00e1 llevar a cabo ataques de sabotaje contra instalaciones de infraestructura en \u00c1frica y asesinar a los l\u00edderes africanos que buscan cooperarse con Rusia, agreg\u00f3.<\/p>\n<p style=\"text-align: justify\">la<\/p>\n","protected":false},"excerpt":{"rendered":"<p>Mosc\u00fa, 16 ago (SANA) El servicio de inteligencia del Reino Unido MI-6 ha preparado un escuadr\u00f3n de sabotaje y asesinato integrado de 100 militantes de grupos ultranacionalistas y neonazis ucranianos para llevar a cabo operaciones en el suelo africano, cit\u00f3 la agencia TASS a una fuente militar-diplom\u00e1tica. Esta acci\u00f3n se trata de en un intento &hellip;<\/p>\n","protected":false},"author":24,"featured_media":306499,"comment_status":"closed","ping_status":"closed","sticky":false,"template":"","format":"standard","meta":{"footnotes":""},"categories":[597,456,16687,20724,7541],"tags":[22174,22339,6695,20357],"class_list":["post-306497","post","type-post","status-publish","format-standard","has-post-thumbnail","","category-cinta-de-noticias","category-arabe-internacional-politica","category-internacionales","category-minuto-a-minuto","category-ultimas-noticias","tag-africa","tag-mi-6","tag-rusia","tag-ucrania"],"_links":{"self":[{"href":"https:\/\/archive.sana.sy\/es\/index.php?rest_route=\/wp\/v2\/posts\/306497"}],"collection":[{"href":"https:\/\/archive.sana.sy\/es\/index.php?rest_route=\/wp\/v2\/posts"}],"about":[{"href":"https:\/\/archive.sana.sy\/es\/index.php?rest_route=\/wp\/v2\/types\/post"}],"author":[{"embeddable":true,"href":"https:\/\/archive.sana.sy\/es\/index.php?rest_route=\/wp\/v2\/users\/24"}],"replies":[{"embeddable":true,"href":"https:\/\/archive.sana.sy\/es\/index.php?rest_route=%2Fwp%2Fv2%2Fcomments&post=306497"}],"version-history":[{"count":2,"href":"https:\/\/archive.sana.sy\/es\/index.php?rest_route=\/wp\/v2\/posts\/306497\/revisions"}],"predecessor-version":[{"id":306501,"href":"https:\/\/archive.sana.sy\/es\/index.php?rest_route=\/wp\/v2\/posts\/306497\/revisions\/306501"}],"wp:featuredmedia":[{"embeddable":true,"href":"https:\/\/archive.sana.sy\/es\/index.php?rest_route=\/wp\/v2\/media\/306499"}],"wp:attachment":[{"href":"https:\/\/archive.sana.sy\/es\/index.php?rest_route=%2Fwp%2Fv2%2Fmedia&parent=306497"}],"wp:term":[{"taxonomy":"category","embeddable":true,"href":"https:\/\/archive.sana.sy\/es\/index.php?rest_route=%2Fwp%2Fv2%2Fcategories&post=306497"},{"taxonomy":"post_tag","embeddable":true,"href":"https:\/\/archive.sana.sy\/es\/index.php?rest_route=%2Fwp%2Fv2%2Ftags&post=306497"}],"curies":[{"name":"wp","href":"https:\/\/api.w.org\/{rel}","templated":true}]}}