{"id":306502,"date":"2023-08-16T19:18:59","date_gmt":"2023-08-16T16:18:59","guid":{"rendered":"http:\/\/sana.sy\/es\/?p=306502"},"modified":"2023-08-16T19:33:42","modified_gmt":"2023-08-16T16:33:42","slug":"ministro-qatana-llama-a-argelia-a-sumarse-al-acuerdo-agricola-entre-siria-el-libano-irak-y-jordania","status":"publish","type":"post","link":"https:\/\/archive.sana.sy\/es\/?p=306502","title":{"rendered":"Ministro Qatana llama a Argelia a sumarse al acuerdo agr\u00edcola entre Siria, el L\u00edbano, Irak y Jordania"},"content":{"rendered":"<p style=\"text-align: justify\"><span style=\"color: #800000\"><strong>Damasco, 16 ago (SANA)<\/strong> <\/span>El ministro de Agricultura y Reforma Agraria, Mohamed Hassan Qatna, repas\u00f3 hoy con el nuevo embajador de la Rep\u00fablica de Argelia en Damasco, Kamal Bouchama, las v\u00edas de impulsar la cooperaci\u00f3n agr\u00edcola y el intercambio de productos agroalimentarios entre los dos pa\u00edses.<\/p>\n<p style=\"text-align: justify\">Durante la reuni\u00f3n que tuvo lugar en la sede del Ministerio, Qatna resalt\u00f3 la necesidad de revisar y actualizar los acuerdos firmados, desarrollar agendas para su implementaci\u00f3n, y promover el intercambio de productos agr\u00edcolas y la cooperaci\u00f3n cient\u00edfica y t\u00e9cnica entre los dos pa\u00edses hermanos.<\/p>\n<p style=\"text-align: justify\">Destac\u00f3 la importancia de que Argelia y el resto de pa\u00edses \u00e1rabes se sumen al acuerdo cuadripartido entre Siria, el L\u00edbano, Jordania e Irak para lograr la integraci\u00f3n en la producci\u00f3n agr\u00edcola, importaci\u00f3n y exportaci\u00f3n y enfrentar los cambios clim\u00e1ticos y la falta de recursos h\u00eddricos .<\/p>\n<p style=\"text-align: justify\">Por su parte, el embajador argelino valor\u00f3 la experiencia siria en el campo de agricultura y el importante avance que logr\u00f3 antes de la guerra terrorista, y enfatiz\u00f3 que todos los pa\u00edses \u00e1rabes cooperen con Siria para ayudarla a recuperar su desarrollo en todos los campos.<\/p>\n<p style=\"text-align: justify\">la<\/p>\n<p style=\"text-align: justify\">\n","protected":false},"excerpt":{"rendered":"<p>Damasco, 16 ago (SANA) El ministro de Agricultura y Reforma Agraria, Mohamed Hassan Qatna, repas\u00f3 hoy con el nuevo embajador de la Rep\u00fablica de Argelia en Damasco, Kamal Bouchama, las v\u00edas de impulsar la cooperaci\u00f3n agr\u00edcola y el intercambio de productos agroalimentarios entre los dos pa\u00edses. Durante la reuni\u00f3n que tuvo lugar en la sede &hellip;<\/p>\n","protected":false},"author":24,"featured_media":306503,"comment_status":"closed","ping_status":"closed","sticky":false,"template":"","format":"standard","meta":{"footnotes":""},"categories":[447,597,476,448,7541],"tags":[6867,21709,6553],"class_list":["post-306502","post","type-post","status-publish","format-standard","has-post-thumbnail","","category-local-politica","category-cinta-de-noticias","category-locales","category-noticias","category-ultimas-noticias","tag-argelia","tag-cooperacion-agricola","tag-siria"],"_links":{"self":[{"href":"https:\/\/archive.sana.sy\/es\/index.php?rest_route=\/wp\/v2\/posts\/306502"}],"collection":[{"href":"https:\/\/archive.sana.sy\/es\/index.php?rest_route=\/wp\/v2\/posts"}],"about":[{"href":"https:\/\/archive.sana.sy\/es\/index.php?rest_route=\/wp\/v2\/types\/post"}],"author":[{"embeddable":true,"href":"https:\/\/archive.sana.sy\/es\/index.php?rest_route=\/wp\/v2\/users\/24"}],"replies":[{"embeddable":true,"href":"https:\/\/archive.sana.sy\/es\/index.php?rest_route=%2Fwp%2Fv2%2Fcomments&post=306502"}],"version-history":[{"count":3,"href":"https:\/\/archive.sana.sy\/es\/index.php?rest_route=\/wp\/v2\/posts\/306502\/revisions"}],"predecessor-version":[{"id":306507,"href":"https:\/\/archive.sana.sy\/es\/index.php?rest_route=\/wp\/v2\/posts\/306502\/revisions\/306507"}],"wp:featuredmedia":[{"embeddable":true,"href":"https:\/\/archive.sana.sy\/es\/index.php?rest_route=\/wp\/v2\/media\/306503"}],"wp:attachment":[{"href":"https:\/\/archive.sana.sy\/es\/index.php?rest_route=%2Fwp%2Fv2%2Fmedia&parent=306502"}],"wp:term":[{"taxonomy":"category","embeddable":true,"href":"https:\/\/archive.sana.sy\/es\/index.php?rest_route=%2Fwp%2Fv2%2Fcategories&post=306502"},{"taxonomy":"post_tag","embeddable":true,"href":"https:\/\/archive.sana.sy\/es\/index.php?rest_route=%2Fwp%2Fv2%2Ftags&post=306502"}],"curies":[{"name":"wp","href":"https:\/\/api.w.org\/{rel}","templated":true}]}}