{"id":306568,"date":"2023-08-17T18:58:23","date_gmt":"2023-08-17T15:58:23","guid":{"rendered":"http:\/\/sana.sy\/es\/?p=306568"},"modified":"2023-08-17T21:46:06","modified_gmt":"2023-08-17T18:46:06","slug":"cancilleres-de-siria-y-cuba-ratifican-relaciones-de-amistad-y-voluntad-de-potenciarlas","status":"publish","type":"post","link":"https:\/\/archive.sana.sy\/es\/?p=306568","title":{"rendered":"Cancilleres de Siria y Cuba ratifican relaciones de amistad y voluntad de potenciarlas"},"content":{"rendered":"<p style=\"text-align: justify;\"><span style=\"color: #800000;\"><strong>Damasco, 17 ago (SANA)<\/strong><\/span> El ministro sirio de Asuntos Exteriores y Expatriados, Faisal Al-Mekdad, sostuvo hoy una conversaci\u00f3n telef\u00f3nica con su hom\u00f3logo cubano, Bruno Rodr\u00edguez Parilla, durante la cual dialogaron sobre relaciones bilaterales y las formas de potenciarlas.<\/p>\n<p style=\"text-align: justify;\">El Canciller sirio destac\u00f3 las hist\u00f3ricas relaciones bilaterales entre los dos pueblos amigos, y reiter\u00f3 el constante e incondicional apoyo a Cuba ante el injusto bloqueo econ\u00f3mico impuesto a la isla por parte de Estados Unidos.<\/p>\n<p style=\"text-align: justify;\">Por su parte, el jefe de la diplomacia cubana reiter\u00f3 la postura de apoyo de su pa\u00eds a Siria en su lucha contra el terrorismo y ante las injustas e inhumanas sanciones econ\u00f3micas impuestas.<\/p>\n<p style=\"text-align: justify;\">Asimimso, hizo un llamando a fortalecer los lazos de amistad existentes entre ambas naciones y aumentar coordinaci\u00f3n mutua en los foros internacionales.<\/p>\n<p style=\"text-align: justify;\">Adem\u00e1s, los dos Cancilleres abordaron los preparativos para la participaci\u00f3n de Siria en la Cumbre de los jefes de estado y de gobiernos del Grupo 77 + China, que Cuba acoger\u00e1 a mediados de septiembre.<\/p>\n<p style=\"text-align: justify;\">La amistad profunda, la solidaridad incondicional y las posturas comunes invariables marcaron casi seis d\u00e9cadas de relaciones entre Siria y Cuba, iniciadas el 11 de agosto de 1965.<\/p>\n<p>fm\/sm<\/p>\n","protected":false},"excerpt":{"rendered":"<p>Damasco, 17 ago (SANA) El ministro sirio de Asuntos Exteriores y Expatriados, Faisal Al-Mekdad, sostuvo hoy una conversaci\u00f3n telef\u00f3nica con su hom\u00f3logo cubano, Bruno Rodr\u00edguez Parilla, durante la cual dialogaron sobre relaciones bilaterales y las formas de potenciarlas. El Canciller sirio destac\u00f3 las hist\u00f3ricas relaciones bilaterales entre los dos pueblos amigos, y reiter\u00f3 el constante &hellip;<\/p>\n","protected":false},"author":36,"featured_media":306569,"comment_status":"closed","ping_status":"closed","sticky":false,"template":"","format":"standard","meta":{"footnotes":""},"categories":[597,20724,467,583],"tags":[11516],"class_list":["post-306568","post","type-post","status-publish","format-standard","has-post-thumbnail","","category-cinta-de-noticias","category-minuto-a-minuto","category-siria-y-el-mundo","category-slide","tag-siria-y-cuba"],"_links":{"self":[{"href":"https:\/\/archive.sana.sy\/es\/index.php?rest_route=\/wp\/v2\/posts\/306568"}],"collection":[{"href":"https:\/\/archive.sana.sy\/es\/index.php?rest_route=\/wp\/v2\/posts"}],"about":[{"href":"https:\/\/archive.sana.sy\/es\/index.php?rest_route=\/wp\/v2\/types\/post"}],"author":[{"embeddable":true,"href":"https:\/\/archive.sana.sy\/es\/index.php?rest_route=\/wp\/v2\/users\/36"}],"replies":[{"embeddable":true,"href":"https:\/\/archive.sana.sy\/es\/index.php?rest_route=%2Fwp%2Fv2%2Fcomments&post=306568"}],"version-history":[{"count":2,"href":"https:\/\/archive.sana.sy\/es\/index.php?rest_route=\/wp\/v2\/posts\/306568\/revisions"}],"predecessor-version":[{"id":306591,"href":"https:\/\/archive.sana.sy\/es\/index.php?rest_route=\/wp\/v2\/posts\/306568\/revisions\/306591"}],"wp:featuredmedia":[{"embeddable":true,"href":"https:\/\/archive.sana.sy\/es\/index.php?rest_route=\/wp\/v2\/media\/306569"}],"wp:attachment":[{"href":"https:\/\/archive.sana.sy\/es\/index.php?rest_route=%2Fwp%2Fv2%2Fmedia&parent=306568"}],"wp:term":[{"taxonomy":"category","embeddable":true,"href":"https:\/\/archive.sana.sy\/es\/index.php?rest_route=%2Fwp%2Fv2%2Fcategories&post=306568"},{"taxonomy":"post_tag","embeddable":true,"href":"https:\/\/archive.sana.sy\/es\/index.php?rest_route=%2Fwp%2Fv2%2Ftags&post=306568"}],"curies":[{"name":"wp","href":"https:\/\/api.w.org\/{rel}","templated":true}]}}