{"id":306607,"date":"2023-08-18T11:57:44","date_gmt":"2023-08-18T08:57:44","guid":{"rendered":"http:\/\/sana.sy\/es\/?p=306607"},"modified":"2023-08-18T21:20:56","modified_gmt":"2023-08-18T18:20:56","slug":"decenas-de-palestinos-resultan-heridos-en-asalto-de-las-fuerzas-israelies-contra-jenin","status":"publish","type":"post","link":"https:\/\/archive.sana.sy\/es\/?p=306607","title":{"rendered":"Decenas de palestinos resultan heridos en asalto de las fuerzas israel\u00edes contra Jenin"},"content":{"rendered":"<p style=\"text-align: justify;\"><span style=\"color: #800000;\"><strong>Jerusal\u00e9n Ocupada, 18 ago (SANA)<\/strong><\/span> Decenas de palestinos resultaron heridos esta ma\u00f1ana debido a un ataque de las fuerzas del ocupante israel\u00ed contra la ciudad cisjordana de Jenin.<\/p>\n<p style=\"text-align: justify;\">Los soldados sionistas irrumpieron en varios barrios de la ciudad, as\u00ed como en los pueblos de Barqin y Qabatiya y en la aldea de &#8220;Tri\u00e1ngulo de los M\u00e1rtires\u201d, inform\u00f3 la agencia palestina de noticia WAFA.<\/p>\n<p style=\"text-align: justify;\">Durante la incursi\u00f3n, las fuerzas israel\u00edes dispararon contra los palestinos y lanzaron bombas de gas lacrim\u00f3geno, lo que result\u00f3 en decenas de casos de asfixia.<\/p>\n<p style=\"text-align: justify;\">La v\u00edspera, dos palestinos murieron y otros resultaron heridos y detenidos durante una incursi\u00f3n de las fuerzas de ocupaci\u00f3n en Cisjordania.<\/p>\n<p style=\"text-align: justify;\"><em><strong>ah\/fm<\/strong><\/em><\/p>\n","protected":false},"excerpt":{"rendered":"<p>Jerusal\u00e9n Ocupada, 18 ago (SANA) Decenas de palestinos resultaron heridos esta ma\u00f1ana debido a un ataque de las fuerzas del ocupante israel\u00ed contra la ciudad cisjordana de Jenin. Los soldados sionistas irrumpieron en varios barrios de la ciudad, as\u00ed como en los pueblos de Barqin y Qabatiya y en la aldea de &#8220;Tri\u00e1ngulo de los &hellip;<\/p>\n","protected":false},"author":30,"featured_media":306608,"comment_status":"closed","ping_status":"closed","sticky":false,"template":"","format":"standard","meta":{"footnotes":""},"categories":[597,456,16687,20724,583],"tags":[],"class_list":["post-306607","post","type-post","status-publish","format-standard","has-post-thumbnail","","category-cinta-de-noticias","category-arabe-internacional-politica","category-internacionales","category-minuto-a-minuto","category-slide"],"_links":{"self":[{"href":"https:\/\/archive.sana.sy\/es\/index.php?rest_route=\/wp\/v2\/posts\/306607"}],"collection":[{"href":"https:\/\/archive.sana.sy\/es\/index.php?rest_route=\/wp\/v2\/posts"}],"about":[{"href":"https:\/\/archive.sana.sy\/es\/index.php?rest_route=\/wp\/v2\/types\/post"}],"author":[{"embeddable":true,"href":"https:\/\/archive.sana.sy\/es\/index.php?rest_route=\/wp\/v2\/users\/30"}],"replies":[{"embeddable":true,"href":"https:\/\/archive.sana.sy\/es\/index.php?rest_route=%2Fwp%2Fv2%2Fcomments&post=306607"}],"version-history":[{"count":1,"href":"https:\/\/archive.sana.sy\/es\/index.php?rest_route=\/wp\/v2\/posts\/306607\/revisions"}],"predecessor-version":[{"id":306609,"href":"https:\/\/archive.sana.sy\/es\/index.php?rest_route=\/wp\/v2\/posts\/306607\/revisions\/306609"}],"wp:featuredmedia":[{"embeddable":true,"href":"https:\/\/archive.sana.sy\/es\/index.php?rest_route=\/wp\/v2\/media\/306608"}],"wp:attachment":[{"href":"https:\/\/archive.sana.sy\/es\/index.php?rest_route=%2Fwp%2Fv2%2Fmedia&parent=306607"}],"wp:term":[{"taxonomy":"category","embeddable":true,"href":"https:\/\/archive.sana.sy\/es\/index.php?rest_route=%2Fwp%2Fv2%2Fcategories&post=306607"},{"taxonomy":"post_tag","embeddable":true,"href":"https:\/\/archive.sana.sy\/es\/index.php?rest_route=%2Fwp%2Fv2%2Ftags&post=306607"}],"curies":[{"name":"wp","href":"https:\/\/api.w.org\/{rel}","templated":true}]}}