{"id":306611,"date":"2023-08-18T13:50:57","date_gmt":"2023-08-18T10:50:57","guid":{"rendered":"http:\/\/sana.sy\/es\/?p=306611"},"modified":"2023-08-18T13:50:57","modified_gmt":"2023-08-18T10:50:57","slug":"espana-evacua-a-miles-de-personas-en-canarias-a-consecuencia-de-la-peor-ola-de-incendios-forestales-en-40-anos","status":"publish","type":"post","link":"https:\/\/archive.sana.sy\/es\/?p=306611","title":{"rendered":"Espa\u00f1a evacua a miles de personas en Canarias a consecuencia de la peor ola de incendios forestales en 40 a\u00f1os"},"content":{"rendered":"<p style=\"text-align: justify;\"><span style=\"color: #800000;\"><strong>Madrid, 18 ago (SANA)\u00a0 \u00a0<\/strong><\/span> Las autoridades espa\u00f1olas evacuaron a miles de personas de sus hogares, como consecuencia de los incendios forestales que se extendieron por la tur\u00edstica isla de Tenerife, Islas Canarias.<\/p>\n<p style=\"text-align: justify;\">&#8220;Los fuegos han devorado\u00a0 hasta el momento m\u00e1s de 3.200 hect\u00e1reas de tierra&#8221;, anunci\u00f3 la televisi\u00f3n local citando al jefe de polic\u00eda del archipi\u00e9lago, Luis Santos.<\/p>\n<p style=\"text-align: justify;\">Por su parte, el gobierno de la regi\u00f3n inform\u00f3 que unas 3.000 personas hab\u00edan sido evacuadas y unas 4.000 m\u00e1s hab\u00edan recibido la orden de quedarse en sus casas debido a la mala calidad del aire.<\/p>\n<p style=\"text-align: justify;\">Por su parte, Fernando Clavijo, encargado regional del archipi\u00e9lago conformado por siete islas, dijo: \u201cEste incendio es el m\u00e1s complejo que hemos visto en Canarias en los \u00faltimos 40 a\u00f1os al menos.\u201d<\/p>\n<p style=\"text-align: justify;\">Hasta el momento, los incendios este a\u00f1o han destruido m\u00e1s de 71.000 hect\u00e1reas en Espa\u00f1a, que es uno de los pa\u00edses europeos m\u00e1s vulnerables al cambio clim\u00e1tico.<\/p>\n<p style=\"text-align: justify;\">sm<\/p>\n","protected":false},"excerpt":{"rendered":"<p>Madrid, 18 ago (SANA)\u00a0 \u00a0 Las autoridades espa\u00f1olas evacuaron a miles de personas de sus hogares, como consecuencia de los incendios forestales que se extendieron por la tur\u00edstica isla de Tenerife, Islas Canarias. &#8220;Los fuegos han devorado\u00a0 hasta el momento m\u00e1s de 3.200 hect\u00e1reas de tierra&#8221;, anunci\u00f3 la televisi\u00f3n local citando al jefe de polic\u00eda &hellip;<\/p>\n","protected":false},"author":39,"featured_media":306612,"comment_status":"closed","ping_status":"closed","sticky":false,"template":"","format":"standard","meta":{"footnotes":""},"categories":[597,456,16687,20724],"tags":[],"class_list":["post-306611","post","type-post","status-publish","format-standard","has-post-thumbnail","","category-cinta-de-noticias","category-arabe-internacional-politica","category-internacionales","category-minuto-a-minuto"],"_links":{"self":[{"href":"https:\/\/archive.sana.sy\/es\/index.php?rest_route=\/wp\/v2\/posts\/306611"}],"collection":[{"href":"https:\/\/archive.sana.sy\/es\/index.php?rest_route=\/wp\/v2\/posts"}],"about":[{"href":"https:\/\/archive.sana.sy\/es\/index.php?rest_route=\/wp\/v2\/types\/post"}],"author":[{"embeddable":true,"href":"https:\/\/archive.sana.sy\/es\/index.php?rest_route=\/wp\/v2\/users\/39"}],"replies":[{"embeddable":true,"href":"https:\/\/archive.sana.sy\/es\/index.php?rest_route=%2Fwp%2Fv2%2Fcomments&post=306611"}],"version-history":[{"count":1,"href":"https:\/\/archive.sana.sy\/es\/index.php?rest_route=\/wp\/v2\/posts\/306611\/revisions"}],"predecessor-version":[{"id":306613,"href":"https:\/\/archive.sana.sy\/es\/index.php?rest_route=\/wp\/v2\/posts\/306611\/revisions\/306613"}],"wp:featuredmedia":[{"embeddable":true,"href":"https:\/\/archive.sana.sy\/es\/index.php?rest_route=\/wp\/v2\/media\/306612"}],"wp:attachment":[{"href":"https:\/\/archive.sana.sy\/es\/index.php?rest_route=%2Fwp%2Fv2%2Fmedia&parent=306611"}],"wp:term":[{"taxonomy":"category","embeddable":true,"href":"https:\/\/archive.sana.sy\/es\/index.php?rest_route=%2Fwp%2Fv2%2Fcategories&post=306611"},{"taxonomy":"post_tag","embeddable":true,"href":"https:\/\/archive.sana.sy\/es\/index.php?rest_route=%2Fwp%2Fv2%2Ftags&post=306611"}],"curies":[{"name":"wp","href":"https:\/\/api.w.org\/{rel}","templated":true}]}}