{"id":306680,"date":"2023-08-19T15:52:02","date_gmt":"2023-08-19T12:52:02","guid":{"rendered":"http:\/\/sana.sy\/es\/?p=306680"},"modified":"2023-08-19T16:15:13","modified_gmt":"2023-08-19T13:15:13","slug":"mueren-tres-trabajadores-por-explosion-en-el-centro-de-donetsk","status":"publish","type":"post","link":"https:\/\/archive.sana.sy\/es\/?p=306680","title":{"rendered":"Mueren tres trabajadores por explosi\u00f3n en el centro de Donetsk"},"content":{"rendered":"<blockquote>\n<p style=\"text-align: justify;\"><span style=\"color: #993300;\">\u00a0&#8220;La explosi\u00f3n fue causada por un ataque deliberado contra los trabajadores con una bomba de racimo, divulg\u00f3 el sitio RT citando a los servicios de emergencia de Donetsk.<\/span><\/p>\n<\/blockquote>\n<p style=\"text-align: justify;\"><span style=\"color: #800000;\"><strong>Donetsk, 19 ago (SANA)\u00a0<\/strong><\/span> Al menos tres trabajadores murieron y otros tres resultaron heridos por una explosi\u00f3n que ocurri\u00f3 mientras trabajaban en el mantenimiento de instalaciones p\u00fablicas en el centro de la ciudad de Donetsk.<\/p>\n<p style=\"text-align: justify;\">&#8220;La explosi\u00f3n fue causada por un ataque deliberado contra los trabajadores con una bomba de racimo, divulg\u00f3 el sitio RT citando a los servicios de emergencia de Donetsk.<\/p>\n<p style=\"text-align: justify;\">El jueves pasado, las fuerzas ucranianas lanzaron seis proyectiles de 155 mm contra \u00e1reas residenciales y varios barrios en Donetsk.<\/p>\n<p style=\"text-align: justify;\">ed\/fm<\/p>\n","protected":false},"excerpt":{"rendered":"<p>\u00a0&#8220;La explosi\u00f3n fue causada por un ataque deliberado contra los trabajadores con una bomba de racimo, divulg\u00f3 el sitio RT citando a los servicios de emergencia de Donetsk. Donetsk, 19 ago (SANA)\u00a0 Al menos tres trabajadores murieron y otros tres resultaron heridos por una explosi\u00f3n que ocurri\u00f3 mientras trabajaban en el mantenimiento de instalaciones p\u00fablicas &hellip;<\/p>\n","protected":false},"author":32,"featured_media":306681,"comment_status":"closed","ping_status":"closed","sticky":false,"template":"","format":"standard","meta":{"footnotes":""},"categories":[597,456,16687,20724],"tags":[],"class_list":["post-306680","post","type-post","status-publish","format-standard","has-post-thumbnail","","category-cinta-de-noticias","category-arabe-internacional-politica","category-internacionales","category-minuto-a-minuto"],"_links":{"self":[{"href":"https:\/\/archive.sana.sy\/es\/index.php?rest_route=\/wp\/v2\/posts\/306680"}],"collection":[{"href":"https:\/\/archive.sana.sy\/es\/index.php?rest_route=\/wp\/v2\/posts"}],"about":[{"href":"https:\/\/archive.sana.sy\/es\/index.php?rest_route=\/wp\/v2\/types\/post"}],"author":[{"embeddable":true,"href":"https:\/\/archive.sana.sy\/es\/index.php?rest_route=\/wp\/v2\/users\/32"}],"replies":[{"embeddable":true,"href":"https:\/\/archive.sana.sy\/es\/index.php?rest_route=%2Fwp%2Fv2%2Fcomments&post=306680"}],"version-history":[{"count":1,"href":"https:\/\/archive.sana.sy\/es\/index.php?rest_route=\/wp\/v2\/posts\/306680\/revisions"}],"predecessor-version":[{"id":306682,"href":"https:\/\/archive.sana.sy\/es\/index.php?rest_route=\/wp\/v2\/posts\/306680\/revisions\/306682"}],"wp:featuredmedia":[{"embeddable":true,"href":"https:\/\/archive.sana.sy\/es\/index.php?rest_route=\/wp\/v2\/media\/306681"}],"wp:attachment":[{"href":"https:\/\/archive.sana.sy\/es\/index.php?rest_route=%2Fwp%2Fv2%2Fmedia&parent=306680"}],"wp:term":[{"taxonomy":"category","embeddable":true,"href":"https:\/\/archive.sana.sy\/es\/index.php?rest_route=%2Fwp%2Fv2%2Fcategories&post=306680"},{"taxonomy":"post_tag","embeddable":true,"href":"https:\/\/archive.sana.sy\/es\/index.php?rest_route=%2Fwp%2Fv2%2Ftags&post=306680"}],"curies":[{"name":"wp","href":"https:\/\/api.w.org\/{rel}","templated":true}]}}