{"id":306724,"date":"2023-08-20T12:54:29","date_gmt":"2023-08-20T09:54:29","guid":{"rendered":"http:\/\/sana.sy\/es\/?p=306724"},"modified":"2023-08-20T12:55:08","modified_gmt":"2023-08-20T09:55:08","slug":"posible-fuga-de-bolsonaro-de-brasil-ante-acusaciones","status":"publish","type":"post","link":"https:\/\/archive.sana.sy\/es\/?p=306724","title":{"rendered":"Posible fuga de Bolsonaro de Brasil ante acusaciones"},"content":{"rendered":"<blockquote>\n<p style=\"text-align: justify;\"><span style=\"color: #800000;\">Pidieron decomisar el pasaporte del expresidente Jair Bolsonaro, quien podr\u00eda abandonar Brasil ante confesiones de un hacker sobre actos que lo implican hoy en ataques al sistema electoral.<\/span><\/p>\n<\/blockquote>\n<p style=\"text-align: justify;\"><span style=\"color: #800000;\"><strong>Brasilia, 20 ago (SANA)\u00a0<\/strong> <\/span>La ministra de Planificaci\u00f3n y Presupuesto de Brasil, Simone Tebet, pidi\u00f3 decomisar el pasaporte del expresidente Jair Bolsonaro, quien podr\u00eda abandonar Brasil ante confesiones de un hacker sobre actos que lo implican hoy en ataques al sistema electoral.<\/p>\n<p style=\"text-align: justify;\">\u00abNo se equivoquen, que busquen lo m\u00e1s r\u00e1pido posible incautar el pasaporte (de Bolsonaro), porque quien huy\u00f3 para no pasar la franja para un presidente que fue leg\u00edtimamente elegido por el pueblo, con certeza va a querer abandonar Brasil para poder salvar la propia piel\u00bb, alert\u00f3 Tebet citada por Prensa Latina.<\/p>\n<p style=\"text-align: justify;\">Para Tebet, \u00abgracias al trabajo hecho por la operaci\u00f3n de la Polic\u00eda Federal y de los testimonios dados en la CPI esta semana, podemos decir que el cerco se cerr\u00f3 contra el expresidente de la Rep\u00fablica\u00bb.<\/p>\n<p style=\"text-align: justify;\"><strong>fm\/ws<\/strong><\/p>\n","protected":false},"excerpt":{"rendered":"<p>Pidieron decomisar el pasaporte del expresidente Jair Bolsonaro, quien podr\u00eda abandonar Brasil ante confesiones de un hacker sobre actos que lo implican hoy en ataques al sistema electoral. Brasilia, 20 ago (SANA)\u00a0 La ministra de Planificaci\u00f3n y Presupuesto de Brasil, Simone Tebet, pidi\u00f3 decomisar el pasaporte del expresidente Jair Bolsonaro, quien podr\u00eda abandonar Brasil ante &hellip;<\/p>\n","protected":false},"author":35,"featured_media":306725,"comment_status":"closed","ping_status":"closed","sticky":false,"template":"","format":"standard","meta":{"footnotes":""},"categories":[597,456,16687,20724,7541],"tags":[],"class_list":["post-306724","post","type-post","status-publish","format-standard","has-post-thumbnail","","category-cinta-de-noticias","category-arabe-internacional-politica","category-internacionales","category-minuto-a-minuto","category-ultimas-noticias"],"_links":{"self":[{"href":"https:\/\/archive.sana.sy\/es\/index.php?rest_route=\/wp\/v2\/posts\/306724"}],"collection":[{"href":"https:\/\/archive.sana.sy\/es\/index.php?rest_route=\/wp\/v2\/posts"}],"about":[{"href":"https:\/\/archive.sana.sy\/es\/index.php?rest_route=\/wp\/v2\/types\/post"}],"author":[{"embeddable":true,"href":"https:\/\/archive.sana.sy\/es\/index.php?rest_route=\/wp\/v2\/users\/35"}],"replies":[{"embeddable":true,"href":"https:\/\/archive.sana.sy\/es\/index.php?rest_route=%2Fwp%2Fv2%2Fcomments&post=306724"}],"version-history":[{"count":2,"href":"https:\/\/archive.sana.sy\/es\/index.php?rest_route=\/wp\/v2\/posts\/306724\/revisions"}],"predecessor-version":[{"id":306727,"href":"https:\/\/archive.sana.sy\/es\/index.php?rest_route=\/wp\/v2\/posts\/306724\/revisions\/306727"}],"wp:featuredmedia":[{"embeddable":true,"href":"https:\/\/archive.sana.sy\/es\/index.php?rest_route=\/wp\/v2\/media\/306725"}],"wp:attachment":[{"href":"https:\/\/archive.sana.sy\/es\/index.php?rest_route=%2Fwp%2Fv2%2Fmedia&parent=306724"}],"wp:term":[{"taxonomy":"category","embeddable":true,"href":"https:\/\/archive.sana.sy\/es\/index.php?rest_route=%2Fwp%2Fv2%2Fcategories&post=306724"},{"taxonomy":"post_tag","embeddable":true,"href":"https:\/\/archive.sana.sy\/es\/index.php?rest_route=%2Fwp%2Fv2%2Ftags&post=306724"}],"curies":[{"name":"wp","href":"https:\/\/api.w.org\/{rel}","templated":true}]}}