{"id":306779,"date":"2023-08-21T13:51:30","date_gmt":"2023-08-21T10:51:30","guid":{"rendered":"http:\/\/sana.sy\/es\/?p=306779"},"modified":"2023-08-21T13:51:30","modified_gmt":"2023-08-21T10:51:30","slug":"estados-unidos-es-la-principal-fuente-del-terrorismo-en-siria","status":"publish","type":"post","link":"https:\/\/archive.sana.sy\/es\/?p=306779","title":{"rendered":"&#8220;Estados Unidos es la principal fuente del terrorismo en Siria&#8221;"},"content":{"rendered":"<blockquote>\n<p style=\"text-align: justify;\"><span style=\"color: #800000;\">\u201cLa presencia de las fuerzas estadounidenses en Siria es ilegal y equivale a ocupar las tierras de un estado soberano y, por lo tanto, esta presencia debe terminar\u201d, dijo el portavoz del Ministerio de Relaciones Exteriores de Ir\u00e1n, Nasser Kanaani, en su conferencia de prensa semanal.<\/span><\/p>\n<\/blockquote>\n<p style=\"text-align: justify;\"><span style=\"color: #800000;\"><strong>Teher\u00e1n, 21 ago (SANA)<\/strong><\/span> El portavoz del Ministerio de Relaciones Exteriores de Ir\u00e1n, Nasser Kanaani, dijo hoy que Estados Unidos era y sigue siendo la fuente principal de la continuaci\u00f3n del terrorismo que atenta contra la seguridad y soberan\u00eda nacional de Siria.<\/p>\n<p style=\"text-align: justify;\">\u201cLa presencia de las fuerzas estadounidenses en Siria es ilegal y equivale a ocupar las tierras de un estado soberano y, por lo tanto, esta presencia debe terminar\u201d, dijo Kanaani en su conferencia de prensa semanal.<\/p>\n<p>Destac\u00f3 que la presencia estadounidense es la causa de la escalada de acciones terrorista en esta naci\u00f3n \u00e1rabe.<\/p>\n<p style=\"text-align: justify;\">Sobre la relaci\u00f3n con Arabia Saudita, Kanaani dijo: \u201cTuvimos buenas discusiones para reactivar los acuerdos firmados entre las dos partes durante la reciente visita del canciller Hussein Amir Abdullahian a Riad, y se decidi\u00f3 activar la reuni\u00f3n del Comit\u00e9 Conjunto para Cooperaci\u00f3n Econ\u00f3mica lo antes posible\u201d.<\/p>\n<p><strong>fm\/ws<\/strong><\/p>\n","protected":false},"excerpt":{"rendered":"<p>\u201cLa presencia de las fuerzas estadounidenses en Siria es ilegal y equivale a ocupar las tierras de un estado soberano y, por lo tanto, esta presencia debe terminar\u201d, dijo el portavoz del Ministerio de Relaciones Exteriores de Ir\u00e1n, Nasser Kanaani, en su conferencia de prensa semanal. Teher\u00e1n, 21 ago (SANA) El portavoz del Ministerio de &hellip;<\/p>\n","protected":false},"author":35,"featured_media":306780,"comment_status":"closed","ping_status":"closed","sticky":false,"template":"","format":"standard","meta":{"footnotes":""},"categories":[597,467,7541],"tags":[],"class_list":["post-306779","post","type-post","status-publish","format-standard","has-post-thumbnail","","category-cinta-de-noticias","category-siria-y-el-mundo","category-ultimas-noticias"],"_links":{"self":[{"href":"https:\/\/archive.sana.sy\/es\/index.php?rest_route=\/wp\/v2\/posts\/306779"}],"collection":[{"href":"https:\/\/archive.sana.sy\/es\/index.php?rest_route=\/wp\/v2\/posts"}],"about":[{"href":"https:\/\/archive.sana.sy\/es\/index.php?rest_route=\/wp\/v2\/types\/post"}],"author":[{"embeddable":true,"href":"https:\/\/archive.sana.sy\/es\/index.php?rest_route=\/wp\/v2\/users\/35"}],"replies":[{"embeddable":true,"href":"https:\/\/archive.sana.sy\/es\/index.php?rest_route=%2Fwp%2Fv2%2Fcomments&post=306779"}],"version-history":[{"count":1,"href":"https:\/\/archive.sana.sy\/es\/index.php?rest_route=\/wp\/v2\/posts\/306779\/revisions"}],"predecessor-version":[{"id":306781,"href":"https:\/\/archive.sana.sy\/es\/index.php?rest_route=\/wp\/v2\/posts\/306779\/revisions\/306781"}],"wp:featuredmedia":[{"embeddable":true,"href":"https:\/\/archive.sana.sy\/es\/index.php?rest_route=\/wp\/v2\/media\/306780"}],"wp:attachment":[{"href":"https:\/\/archive.sana.sy\/es\/index.php?rest_route=%2Fwp%2Fv2%2Fmedia&parent=306779"}],"wp:term":[{"taxonomy":"category","embeddable":true,"href":"https:\/\/archive.sana.sy\/es\/index.php?rest_route=%2Fwp%2Fv2%2Fcategories&post=306779"},{"taxonomy":"post_tag","embeddable":true,"href":"https:\/\/archive.sana.sy\/es\/index.php?rest_route=%2Fwp%2Fv2%2Ftags&post=306779"}],"curies":[{"name":"wp","href":"https:\/\/api.w.org\/{rel}","templated":true}]}}