{"id":306814,"date":"2023-08-22T11:43:17","date_gmt":"2023-08-22T08:43:17","guid":{"rendered":"http:\/\/sana.sy\/es\/?p=306814"},"modified":"2023-08-22T11:43:17","modified_gmt":"2023-08-22T08:43:17","slug":"inicia-en-sudafrica-la-xv-cumbre-brics-con-presencia-de-mas-de-30-jefes-de-estado-de-toda-africa","status":"publish","type":"post","link":"https:\/\/archive.sana.sy\/es\/?p=306814","title":{"rendered":"Inicia en Sud\u00e1frica la XV Cumbre Brics con presencia de m\u00e1s de 30 jefes de Estado de toda \u00c1frica"},"content":{"rendered":"<p style=\"text-align: justify;\"><span style=\"color: #800000;\"><strong>Pretoria, 22 ago (SANA)<\/strong> <\/span>Con la presencia de m\u00e1s de 30 jefes de Estado de toda \u00c1frica, la XV Cumbre Brics inicia hoy en el Centro de Convenciones de Sandton, en Johannesburgo, del 22 al 24 de agosto de 2023.<\/p>\n<p style=\"text-align: justify;\">El grupo Brics (Brasil, Rusia, India, China, y Sud\u00e1frica) celebra su cumbre bajo el lema: \u201cBrics y \u00c1frica: asociaci\u00f3n para el crecimiento mutuamente acelerado, el desarrollo sostenible y el multilateralismo inclusivo\u201d.<\/p>\n<p style=\"text-align: justify;\">Adem\u00e1s, m\u00e1s de 20 pa\u00edses han solicitado formalmente unirse al Brics, y varios otros han expresado inter\u00e9s en formar parte de la familia extendida de ese grupo.<\/p>\n<p style=\"text-align: justify;\">El mandatario sudafricano, Cyril Ramaphosa, dijo que para que los esfuerzos del BRICS sean m\u00e1s efectivos, deben crear alianzas con otros pa\u00edses que compartan sus aspiraciones y perspectivas.<\/p>\n<p style=\"text-align: justify;\">fm\/ed<\/p>\n","protected":false},"excerpt":{"rendered":"<p>Pretoria, 22 ago (SANA) Con la presencia de m\u00e1s de 30 jefes de Estado de toda \u00c1frica, la XV Cumbre Brics inicia hoy en el Centro de Convenciones de Sandton, en Johannesburgo, del 22 al 24 de agosto de 2023. El grupo Brics (Brasil, Rusia, India, China, y Sud\u00e1frica) celebra su cumbre bajo el lema: &hellip;<\/p>\n","protected":false},"author":32,"featured_media":306816,"comment_status":"closed","ping_status":"closed","sticky":false,"template":"","format":"standard","meta":{"footnotes":""},"categories":[597,456,16687,20724,7541],"tags":[],"class_list":["post-306814","post","type-post","status-publish","format-standard","has-post-thumbnail","","category-cinta-de-noticias","category-arabe-internacional-politica","category-internacionales","category-minuto-a-minuto","category-ultimas-noticias"],"_links":{"self":[{"href":"https:\/\/archive.sana.sy\/es\/index.php?rest_route=\/wp\/v2\/posts\/306814"}],"collection":[{"href":"https:\/\/archive.sana.sy\/es\/index.php?rest_route=\/wp\/v2\/posts"}],"about":[{"href":"https:\/\/archive.sana.sy\/es\/index.php?rest_route=\/wp\/v2\/types\/post"}],"author":[{"embeddable":true,"href":"https:\/\/archive.sana.sy\/es\/index.php?rest_route=\/wp\/v2\/users\/32"}],"replies":[{"embeddable":true,"href":"https:\/\/archive.sana.sy\/es\/index.php?rest_route=%2Fwp%2Fv2%2Fcomments&post=306814"}],"version-history":[{"count":1,"href":"https:\/\/archive.sana.sy\/es\/index.php?rest_route=\/wp\/v2\/posts\/306814\/revisions"}],"predecessor-version":[{"id":306817,"href":"https:\/\/archive.sana.sy\/es\/index.php?rest_route=\/wp\/v2\/posts\/306814\/revisions\/306817"}],"wp:featuredmedia":[{"embeddable":true,"href":"https:\/\/archive.sana.sy\/es\/index.php?rest_route=\/wp\/v2\/media\/306816"}],"wp:attachment":[{"href":"https:\/\/archive.sana.sy\/es\/index.php?rest_route=%2Fwp%2Fv2%2Fmedia&parent=306814"}],"wp:term":[{"taxonomy":"category","embeddable":true,"href":"https:\/\/archive.sana.sy\/es\/index.php?rest_route=%2Fwp%2Fv2%2Fcategories&post=306814"},{"taxonomy":"post_tag","embeddable":true,"href":"https:\/\/archive.sana.sy\/es\/index.php?rest_route=%2Fwp%2Fv2%2Ftags&post=306814"}],"curies":[{"name":"wp","href":"https:\/\/api.w.org\/{rel}","templated":true}]}}