{"id":306861,"date":"2023-08-22T16:18:11","date_gmt":"2023-08-22T13:18:11","guid":{"rendered":"http:\/\/sana.sy\/es\/?p=306861"},"modified":"2023-08-22T16:18:11","modified_gmt":"2023-08-22T13:18:11","slug":"parlamento-arabe-insta-a-detener-los-crimenes-del-ocupante-israeli","status":"publish","type":"post","link":"https:\/\/archive.sana.sy\/es\/?p=306861","title":{"rendered":"Parlamento \u00c1rabe insta a detener los cr\u00edmenes del ocupante israel\u00ed"},"content":{"rendered":"<blockquote>\n<p style=\"text-align: justify;\"><span style=\"color: #993300;\">En un comunicado citado por la agencia WAFA, el Parlamento denunci\u00f3 que las autoridades de ocupaci\u00f3n israel\u00edes ampl\u00edan sus acciones coloniales en Jerusal\u00e9n para judaizar esta ciudad y cambiar su realidad hist\u00f3rica y demogr\u00e1fica en violaci\u00f3n de las resoluciones internacionales.<\/span><\/p>\n<\/blockquote>\n<p style=\"text-align: justify;\"><span style=\"color: #800000;\"><strong>Jerusal\u00e9n ocupada, 22 ago ( SANA)\u00a0<\/strong><\/span> El Parlamento \u00c1rabe inst\u00f3 la comunidad internacional a intervenir de inmediato para detener los cr\u00edmenes del ocupante israel\u00ed contra el pueblo palestino e implementar las resoluciones internacionales que estipulan poner fin a la ocupaci\u00f3n y recuperar los derechos nacionales leg\u00edtimos de los palestinos, encabezados por el establecimiento de un Estado palestino independiente con Jerusal\u00e9n como capital, adem\u00e1s del derecho al retorno de los refugiados.<\/p>\n<p style=\"text-align: justify;\">En un comunicado citado por la agencia WAFA, el Parlamento denunci\u00f3 que las autoridades de ocupaci\u00f3n israel\u00edes ampl\u00edan sus acciones coloniales en Jerusal\u00e9n para judaizar esta ciudad y cambiar su realidad hist\u00f3rica y demogr\u00e1fica en violaci\u00f3n de las resoluciones internacionales.<\/p>\n<p style=\"text-align: justify;\">Tambi\u00e9n, conden\u00f3 los allanamientos de los colonos en la Mezquita de Al-Aqsa bajo la protecci\u00f3n de las fuerzas de ocupaci\u00f3n, y sus brutales ataques contra los fieles y los palestinos.<\/p>\n<p style=\"text-align: justify;\">El Parlamento destac\u00f3 la necesidad de preservar la realidad jur\u00eddica e hist\u00f3rica de los lugares santos isl\u00e1micos y cristianos de la ciudad ocupada de Jerusal\u00e9n.<\/p>\n<p style=\"text-align: justify;\">ed\/fm<\/p>\n","protected":false},"excerpt":{"rendered":"<p>En un comunicado citado por la agencia WAFA, el Parlamento denunci\u00f3 que las autoridades de ocupaci\u00f3n israel\u00edes ampl\u00edan sus acciones coloniales en Jerusal\u00e9n para judaizar esta ciudad y cambiar su realidad hist\u00f3rica y demogr\u00e1fica en violaci\u00f3n de las resoluciones internacionales. Jerusal\u00e9n ocupada, 22 ago ( SANA)\u00a0 El Parlamento \u00c1rabe inst\u00f3 la comunidad internacional a intervenir &hellip;<\/p>\n","protected":false},"author":32,"featured_media":306862,"comment_status":"closed","ping_status":"closed","sticky":false,"template":"","format":"standard","meta":{"footnotes":""},"categories":[597,456,16687,20724,7541],"tags":[],"class_list":["post-306861","post","type-post","status-publish","format-standard","has-post-thumbnail","","category-cinta-de-noticias","category-arabe-internacional-politica","category-internacionales","category-minuto-a-minuto","category-ultimas-noticias"],"_links":{"self":[{"href":"https:\/\/archive.sana.sy\/es\/index.php?rest_route=\/wp\/v2\/posts\/306861"}],"collection":[{"href":"https:\/\/archive.sana.sy\/es\/index.php?rest_route=\/wp\/v2\/posts"}],"about":[{"href":"https:\/\/archive.sana.sy\/es\/index.php?rest_route=\/wp\/v2\/types\/post"}],"author":[{"embeddable":true,"href":"https:\/\/archive.sana.sy\/es\/index.php?rest_route=\/wp\/v2\/users\/32"}],"replies":[{"embeddable":true,"href":"https:\/\/archive.sana.sy\/es\/index.php?rest_route=%2Fwp%2Fv2%2Fcomments&post=306861"}],"version-history":[{"count":1,"href":"https:\/\/archive.sana.sy\/es\/index.php?rest_route=\/wp\/v2\/posts\/306861\/revisions"}],"predecessor-version":[{"id":306863,"href":"https:\/\/archive.sana.sy\/es\/index.php?rest_route=\/wp\/v2\/posts\/306861\/revisions\/306863"}],"wp:featuredmedia":[{"embeddable":true,"href":"https:\/\/archive.sana.sy\/es\/index.php?rest_route=\/wp\/v2\/media\/306862"}],"wp:attachment":[{"href":"https:\/\/archive.sana.sy\/es\/index.php?rest_route=%2Fwp%2Fv2%2Fmedia&parent=306861"}],"wp:term":[{"taxonomy":"category","embeddable":true,"href":"https:\/\/archive.sana.sy\/es\/index.php?rest_route=%2Fwp%2Fv2%2Fcategories&post=306861"},{"taxonomy":"post_tag","embeddable":true,"href":"https:\/\/archive.sana.sy\/es\/index.php?rest_route=%2Fwp%2Fv2%2Ftags&post=306861"}],"curies":[{"name":"wp","href":"https:\/\/api.w.org\/{rel}","templated":true}]}}