{"id":30688,"date":"2015-09-30T13:21:33","date_gmt":"2015-09-30T10:21:33","guid":{"rendered":"http:\/\/sana.sy\/es\/?p=30688"},"modified":"2015-09-30T13:28:18","modified_gmt":"2015-09-30T10:28:18","slug":"presidente-cubano-demanda-cese-de-la-injerencia-externa-en-los-asuntos-de-siria","status":"publish","type":"post","link":"https:\/\/archive.sana.sy\/es\/?p=30688","title":{"rendered":"Presidente cubano demanda cese de la injerencia externa en los asuntos de Siria"},"content":{"rendered":"<p><span style=\"color: #800000\">Naciones Unidas, SANA<\/span><\/p>\n<p>En su discurso en la Asamblea General de la ONU, el presidente cubano Ra\u00fal Castro, renov\u00f3 su confianza en que el pueblo sirio es capaz de resolver por s\u00ed mismo sus diferencias y demand\u00f3 que cese la injerencia externa en ese pa\u00eds.<br \/>\nEl mandatario cubano agreg\u00f3 que una soluci\u00f3n justa y duradera al conflicto del Medio Oriente exige, inexorablemente, el ejercicio real del derecho inalienable del pueblo palestino a construir su propio Estado dentro de las fronteras anteriores a 1967 y con su capital en Jerusal\u00e9n oriental.<\/p>\n<p>Tambi\u00e9n, manifest\u00f3 que \u201cdurante las \u00faltimas semanas nos han impactado las im\u00e1genes de las oleadas migratorias hacia Europa, que constituyen una consecuencia directa de las acciones de desestabilizaci\u00f3n que la OTAN promovi\u00f3 y ejecuta en pa\u00edses del Medio Oriente y \u00c1frica del Norte, y del subdesarrollo y la pobreza imperante en pa\u00edses del continente africano&#8221;.<\/p>\n<p>Precis\u00f3 adem\u00e1s, que la Uni\u00f3n Europea debe asumir, de manera plena e inmediata, sus responsabilidades con la crisis humanitaria que ayud\u00f3 a generar\u201d.<\/p>\n<p>A continuaci\u00f3n \u00edntegramente el discurso del Presidente de Cuba,Ra\u00fal Castro Ruz, ante la 70 Asamblea General de las Naciones Unidas.<\/p>\n<p>Estimados jefes y jefas de Estado y de Gobierno:<\/p>\n<p>Distinguidos Jefes y Jefas de Delegaciones:<\/p>\n<p>Se\u00f1or Secretario General de las Naciones Unidas:<\/p>\n<p>Se\u00f1or Presidente:<\/p>\n<p>Hace setenta a\u00f1os que, en nombre de los pueblos, los miembros de esta organizaci\u00f3n suscribimos la Carta de las Naciones Unidas. Nos comprometimos a preservar a las generaciones venideras del flagelo de la guerra y a edificar una nueva forma de relacionarnos bajo la gu\u00eda de un conjunto de prop\u00f3sitos y principios, que deb\u00edan augurar una \u00e9poca de paz, justicia y desarrollo para toda la humanidad.<\/p>\n<p>Sin embargo, a partir de entonces, han sido constantes las guerras de agresi\u00f3n, la intervenci\u00f3n en los asuntos internos de los Estados, el derrocamiento por la fuerza de gobiernos soberanos, los denominados &#8220;golpes suaves&#8221; y la recolonizaci\u00f3n de territorios, que han sido perfeccionados con formas de actuar no convencionales, con el empleo de nuevas tecnolog\u00edas y esgrimiendo supuestas violaciones de los derechos humanos.<\/p>\n<p>Es inaceptable la militarizaci\u00f3n del ciberespacio y el empleo encubierto e ilegal de las tecnolog\u00edas de la informaci\u00f3n y las comunicaciones para agredir a otros Estados, como tambi\u00e9n lo es que se distorsione la promoci\u00f3n y protecci\u00f3n de los derechos humanos, utiliz\u00e1ndolos de forma selectiva y discriminatoria para validar e imponer decisiones pol\u00edticas.<\/p>\n<p>A pesar de que la Carta nos llama a &#8220;reafirmar la fe en los derechos fundamentales del hombre, en la dignidad y el valor de la persona humana&#8221;, el disfrute de los derechos humanos contin\u00faa siendo una utop\u00eda para millones de personas.<br \/>\nSe niega a la humanidad el derecho a vivir en paz y su derecho al desarrollo. Es en la pobreza y la desigualdad donde deben buscarse las causas de los conflictos, generados por el colonialismo y el despojo de las poblaciones aut\u00f3ctonas, primero, y m\u00e1s tarde por el imperialismo y el reparto de esferas de influencia.<\/p>\n<p>El compromiso asumido en 1945 de &#8220;promover el progreso social y elevar el nivel de vida&#8221; de los pueblos y su desarrollo econ\u00f3mico y social, sigue siendo una quimera, cuando 795 millones de personas sufren hambre, 781 millones de adultos son analfabetos y 17 mil ni\u00f1os mueren cada d\u00eda de enfermedades curables, mientras que los gastos militares anuales en todo el mundo ascienden a m\u00e1s de 1,7 millones de millones de d\u00f3lares.<\/p>\n<p>Con s\u00f3lo una fracci\u00f3n de ese monto podr\u00edan solucionarse los problemas m\u00e1s acuciantes que azotan a la humanidad<br \/>\nIncluso, en los pa\u00edses industrializados ya pr\u00e1cticamente desaparecieron las &#8220;sociedades de bienestar&#8221;, que se nos presentaban como el modelo a seguir. Los sistemas electorales y los partidos tradicionales, que dependen del dinero y la publicidad, son cada vez m\u00e1s ajenos y distantes de las aspiraciones de sus pueblos.<\/p>\n<p>El cambio clim\u00e1tico pone en peligro la existencia de la especie humana, y los Estados deben asumir responsabilidades comunes pero diferenciadas, ante la inobjetable realidad de que no todos los pa\u00edses somos responsables por igual, ni despilfarramos los recursos naturales y humanos en un consumismo irracional e insostenible.<\/p>\n<p>Las consecuencias del cambio clim\u00e1tico son especialmente devastadoras en los peque\u00f1os pa\u00edses insulares en desarrollo e imponen una tensi\u00f3n adicional a sus fr\u00e1giles econom\u00edas. Lo mismo sucede en \u00c1frica, con el incremento inexorable de la desertificaci\u00f3n.<\/p>\n<p>Nos solidarizamos con nuestros hermanos caribe\u00f1os y demandamos que se les d\u00e9 un trato especial y diferenciado. Apoyamos a los pa\u00edses africanos y reclamamos para ellos un tratamiento justo, transferencia de tecnolog\u00eda y recursos financieros.<\/p>\n<p>Se\u00f1or Presidente:<\/p>\n<p>Con la creaci\u00f3n de la Comunidad de Estados Latinoamericanos y Caribe\u00f1os (CELAC) y, particularmente, con la firma por los jefes de Estado y de Gobierno, en enero del 2014, de la Proclama de Am\u00e9rica Latina y el Caribe como Zona de Paz, ha quedado demostrado que, por encima de nuestras diferencias, podemos avanzar hacia la unidad y la consecuci\u00f3n de objetivos comunes en el marco de nuestra diversidad.<\/p>\n<p>En la Proclama, reafirmamos el compromiso inquebrantable con los principios de la Carta de las Naciones Unidas y el Derecho Internacional y de resolver las diferencias de forma pac\u00edfica, as\u00ed como la convicci\u00f3n de que el pleno respeto al derecho inalienable de todo Estado a elegir su sistema pol\u00edtico, econ\u00f3mico, social y cultural, constituye una condici\u00f3n esencial para asegurar la convivencia pac\u00edfica entre las naciones. Reclamamos que estos principios sirvan tambi\u00e9n de base a las relaciones de otros Estados con nuestra regi\u00f3n.<\/p>\n<p>La Rep\u00fablica Bolivariana de Venezuela contar\u00e1 siempre con la solidaridad de Cuba frente a los intentos de desestabilizar y subvertir el ordenamiento constitucional, y destruir la obra iniciada por el compa\u00f1ero Hugo Ch\u00e1vez Fr\u00edas y continuada por el presidente Nicol\u00e1s Maduro Moros a favor del pueblo venezolano.<\/p>\n<p>De igual manera, va nuestra firme e irrestricta solidaridad a la Rep\u00fablica del Ecuador, a su Revoluci\u00f3n Ciudadana y a su l\u00edder, Rafael Correa Delgado, que se ha convertido en el blanco del mismo gui\u00f3n de desestabilizaci\u00f3n aplicado contra otros gobiernos progresistas de la regi\u00f3n.<\/p>\n<p>Nos solidarizamos con las naciones del Caribe que solicitan justas reparaciones por los horrores de la esclavitud y la trata de esclavos, sobre todo en un mundo en el que la discriminaci\u00f3n racial y la represi\u00f3n de las comunidades afrodescendientes han ido en ascenso.<\/p>\n<p>Ratificamos nuestra convicci\u00f3n de que el pueblo de Puerto Rico merece ser libre e independiente, luego de m\u00e1s de una centuria sometido a la dominaci\u00f3n colonial.<\/p>\n<p>Nos solidarizamos con la Rep\u00fablica Argentina en su leg\u00edtimo reclamo de soberan\u00eda sobre las Islas Malvinas, Sandwich del Sur y Georgias del Sur.<br \/>\nReiteramos nuestro apoyo solidario a la Presidenta Dilma Rousseff y al pueblo de Brasil en la defensa de sus importantes logros sociales y de la estabilidad del pa\u00eds.<\/p>\n<p>Reafirmamos nuestro rechazo a la intenci\u00f3n de extender la presencia de la OTAN hasta las fronteras de Rusia y a la imposici\u00f3n de sanciones unilaterales e injustas contra esa naci\u00f3n.<\/p>\n<p>Saludamos el denominado acuerdo nuclear con la Rep\u00fablica Isl\u00e1mica de Ir\u00e1n, que demuestra que el di\u00e1logo y la negociaci\u00f3n son la \u00fanica herramienta efectiva para solventar las diferencias entre los Estados.<\/p>\n<p>Renovamos nuestra confianza en que el pueblo sirio es capaz de resolver por s\u00ed mismo sus diferencias y demandamos que cese la injerencia externa.<\/p>\n<p>Una soluci\u00f3n justa y duradera al conflicto del Medio Oriente exige, inexorablemente, el ejercicio real del derecho inalienable del pueblo palestino a construir su propio Estado dentro de las fronteras anteriores a 1967 y con su capital en Jerusal\u00e9n oriental, lo que en\u00e9rgicamente apoyamos.<\/p>\n<p>Durante las \u00faltimas semanas nos han impactado las im\u00e1genes de las oleadas<br \/>\nmigratorias hacia Europa, que constituyen una consecuencia directa de las acciones de desestabilizaci\u00f3n que la OTAN promovi\u00f3 y ejecuta en pa\u00edses del Medio Oriente y \u00c1frica del Norte, y del subdesarrollo y la pobreza imperante en pa\u00edses del continente africano. La Uni\u00f3n Europea debe asumir, de manera plena e inmediata, sus responsabilidades con la crisis humanitaria que ayud\u00f3 a generar.<\/p>\n<p>Se\u00f1or Presidente:<\/p>\n<p>Tras 56 a\u00f1os de heroica y abnegada resistencia del pueblo cubano, quedaron restablecidas las relaciones diplom\u00e1ticas y las embajadas en las respectivas capitales.<\/p>\n<p>Ahora se inicia un largo y complejo proceso hacia la normalizaci\u00f3n de las relaciones que se alcanzar\u00e1 cuando se ponga fin al bloqueo econ\u00f3mico, comercial y financiero contra Cuba; se devuelva a nuestro pa\u00eds el territorio ocupado ilegalmente por la Base Naval de Guant\u00e1namo; cesen las transmisiones radiales y televisivas y los programas de subversi\u00f3n y desestabilizaci\u00f3n contra Cuba, y se compense a nuestro pueblo por los da\u00f1os humanos y econ\u00f3micos que a\u00fan sufre.<\/p>\n<p>Mientras persista, continuaremos presentando el proyecto de resoluci\u00f3n titulado &#8220;Necesidad de poner fin al bloqueo econ\u00f3mico, comercial y financiero impuesto por los Estados Unidos de Am\u00e9rica contra Cuba&#8221;.<\/p>\n<p>A los 188 gobiernos y pueblos que han apoyado aqu\u00ed y en diversos foros internacionales y regionales nuestra justa demanda, les reitero el eterno agradecimiento del pueblo y el gobierno cubanos por su sostenido respaldo.<br \/>\nSr. Presidente:<\/p>\n<p>Cuba celebra, con profundo compromiso, el 70 aniversario de la Organizaci\u00f3n de las Naciones Unidas. Reconocemos que en estos a\u00f1os se ha intentado, pero no se ha hecho lo suficiente, para proteger a las generaciones presentes y futuras del flagelo de la guerra y su derecho a un desarrollo sostenible, sin exclusi\u00f3n. La ONU ha de ser defendida del unilateralismo y profundamente reformada para democratizarla y acercarla a los pueblos.<\/p>\n<p>Como se\u00f1alara en esta misma sala hace 15 a\u00f1os el compa\u00f1ero Fidel Castro Ruz, L\u00edder Hist\u00f3rico de la Revoluci\u00f3n cubana- y cito: &#8220;Cualquiera comprende que el objetivo fundamental de las Naciones Unidas, en el siglo apremiante que comienza, es el de salvar al mundo no solo de la guerra sino tambi\u00e9n del subdesarrollo, el hambre, las enfermedades, la pobreza y la destrucci\u00f3n de los medios naturales indispensables para la existencia humana, \u00c2\u00edY debe hacerlo con premura antes de que sea demasiado tarde!&#8221;- fin de la cita.<\/p>\n<p>Podr\u00e1 contar siempre la comunidad internacional con la sincera voz de Cuba frente a la injusticia, la desigualdad, el subdesarrollo, la discriminaci\u00f3n y la manipulaci\u00f3n; y por el establecimiento de un orden internacional m\u00e1s justo y equitativo, en cuyo centro se ubique, realmente, el ser humano, su dignidad y bienestar.<\/p>\n<p>Muchas gracias<\/p>\n<p>Fady M., Hala B.<\/p>\n","protected":false},"excerpt":{"rendered":"<p>Naciones Unidas, SANA En su discurso en la Asamblea General de la ONU, el presidente cubano Ra\u00fal Castro, renov\u00f3 su confianza en que el pueblo sirio es capaz de resolver por s\u00ed mismo sus diferencias y demand\u00f3 que cese la injerencia externa en ese pa\u00eds. El mandatario cubano agreg\u00f3 que una soluci\u00f3n justa y duradera &hellip;<\/p>\n","protected":false},"author":1,"featured_media":30689,"comment_status":"closed","ping_status":"closed","sticky":false,"template":"","format":"standard","meta":{"footnotes":""},"categories":[456,457,576],"tags":[6804],"class_list":["post-30688","post","type-post","status-publish","format-standard","has-post-thumbnail","","category-arabe-internacional-politica","category-noticias-arabe-internacional-politica","category-noticias-politicas","tag-presidente-cubano-demanda-cese-de-la-injerencia-externa-en-los-asuntos-de-siria"],"_links":{"self":[{"href":"https:\/\/archive.sana.sy\/es\/index.php?rest_route=\/wp\/v2\/posts\/30688"}],"collection":[{"href":"https:\/\/archive.sana.sy\/es\/index.php?rest_route=\/wp\/v2\/posts"}],"about":[{"href":"https:\/\/archive.sana.sy\/es\/index.php?rest_route=\/wp\/v2\/types\/post"}],"author":[{"embeddable":true,"href":"https:\/\/archive.sana.sy\/es\/index.php?rest_route=\/wp\/v2\/users\/1"}],"replies":[{"embeddable":true,"href":"https:\/\/archive.sana.sy\/es\/index.php?rest_route=%2Fwp%2Fv2%2Fcomments&post=30688"}],"version-history":[{"count":0,"href":"https:\/\/archive.sana.sy\/es\/index.php?rest_route=\/wp\/v2\/posts\/30688\/revisions"}],"wp:featuredmedia":[{"embeddable":true,"href":"https:\/\/archive.sana.sy\/es\/index.php?rest_route=\/wp\/v2\/media\/30689"}],"wp:attachment":[{"href":"https:\/\/archive.sana.sy\/es\/index.php?rest_route=%2Fwp%2Fv2%2Fmedia&parent=30688"}],"wp:term":[{"taxonomy":"category","embeddable":true,"href":"https:\/\/archive.sana.sy\/es\/index.php?rest_route=%2Fwp%2Fv2%2Fcategories&post=30688"},{"taxonomy":"post_tag","embeddable":true,"href":"https:\/\/archive.sana.sy\/es\/index.php?rest_route=%2Fwp%2Fv2%2Ftags&post=30688"}],"curies":[{"name":"wp","href":"https:\/\/api.w.org\/{rel}","templated":true}]}}