{"id":306943,"date":"2023-08-23T17:30:52","date_gmt":"2023-08-23T14:30:52","guid":{"rendered":"http:\/\/sana.sy\/es\/?p=306943"},"modified":"2023-08-23T20:34:22","modified_gmt":"2023-08-23T17:34:22","slug":"450-empresarios-arabes-estaran-presentes-en-feria-de-textiles-y-cuero-khan-al-harir-en-alepo","status":"publish","type":"post","link":"https:\/\/archive.sana.sy\/es\/?p=306943","title":{"rendered":"450 empresarios \u00e1rabes estar\u00e1n presentes en Feria de Textiles y Cuero \u201c Khan al-Harir\u201d en Alepo"},"content":{"rendered":"<p style=\"text-align: justify\"><span style=\"color: #800000\"><strong>Damasco, 23 ago (SANA)<\/strong><\/span> Se inaugura ma\u00f1ana el jueves la exposici\u00f3n \u201c Khan al-Harir\u201d especializada en prendas de vestir, y calzado y accesorio de cuero, la misma se desarrolla entre el 24 y el 27 de este mes en el recinto de la Ciudad Deportiva de Hamdaniya en Alepo.<\/p>\n<p style=\"text-align: justify\">En declaraciones a SANA, el miembro de la junta directiva de la C\u00e1mara de Industria de Alepo, Muhammad Zayzan, se\u00f1al\u00f3 que la importancia de la feria radica en que la misma es la primera de su tipo que se lleva a cabo en Alepo desde hace aproximadamente 20 a\u00f1os.<\/p>\n<p style=\"text-align: justify\">Explic\u00f3 que el evento est\u00e1 destinado a reactivar las exportaciones sirias a los mercados \u00e1rabes, e inform\u00f3 que m\u00e1s de 450 empresarios de pa\u00edses \u00e1rabes, tales como Irak, Jordania, Kuwait, Arabia Saudita, Yemen, Libia y el L\u00edbano estar\u00e1n presentes.<\/p>\n<p style=\"text-align: justify\">Marc\u00f3 que los empresarios invitados ya han comenzado a llegar a Alepo, donde un avi\u00f3n procedente de la ciudad iraqu\u00ed de Erbil arrib\u00f3 con 40 industrialistas a bordo.<\/p>\n<p style=\"text-align: justify\">Se\u00f1al\u00f3 que la exposici\u00f3n cuenta con la participaci\u00f3n de alrededor de 150 industriales y fabricadores que trabajan en el sector de la confecci\u00f3n de prendas de vestir, textiles y calzado.<\/p>\n<p style=\"text-align: justify\">\n<p style=\"text-align: justify\">la<\/p>\n","protected":false},"excerpt":{"rendered":"<p>Damasco, 23 ago (SANA) Se inaugura ma\u00f1ana el jueves la exposici\u00f3n \u201c Khan al-Harir\u201d especializada en prendas de vestir, y calzado y accesorio de cuero, la misma se desarrolla entre el 24 y el 27 de este mes en el recinto de la Ciudad Deportiva de Hamdaniya en Alepo. En declaraciones a SANA, el miembro &hellip;<\/p>\n","protected":false},"author":24,"featured_media":306944,"comment_status":"closed","ping_status":"closed","sticky":false,"template":"","format":"standard","meta":{"footnotes":""},"categories":[447,620,597,16686,483,485,20724,476,448,7541],"tags":[2626,9181],"class_list":["post-306943","post","type-post","status-publish","format-standard","has-post-thumbnail","","category-local-politica","category-boletin-economico","category-cinta-de-noticias","category-economia","category-negocios-y-finanzas","category-informes-negocios-y-finanzas","category-minuto-a-minuto","category-locales","category-noticias","category-ultimas-noticias","tag-alepo","tag-feria"],"_links":{"self":[{"href":"https:\/\/archive.sana.sy\/es\/index.php?rest_route=\/wp\/v2\/posts\/306943"}],"collection":[{"href":"https:\/\/archive.sana.sy\/es\/index.php?rest_route=\/wp\/v2\/posts"}],"about":[{"href":"https:\/\/archive.sana.sy\/es\/index.php?rest_route=\/wp\/v2\/types\/post"}],"author":[{"embeddable":true,"href":"https:\/\/archive.sana.sy\/es\/index.php?rest_route=\/wp\/v2\/users\/24"}],"replies":[{"embeddable":true,"href":"https:\/\/archive.sana.sy\/es\/index.php?rest_route=%2Fwp%2Fv2%2Fcomments&post=306943"}],"version-history":[{"count":1,"href":"https:\/\/archive.sana.sy\/es\/index.php?rest_route=\/wp\/v2\/posts\/306943\/revisions"}],"predecessor-version":[{"id":306945,"href":"https:\/\/archive.sana.sy\/es\/index.php?rest_route=\/wp\/v2\/posts\/306943\/revisions\/306945"}],"wp:featuredmedia":[{"embeddable":true,"href":"https:\/\/archive.sana.sy\/es\/index.php?rest_route=\/wp\/v2\/media\/306944"}],"wp:attachment":[{"href":"https:\/\/archive.sana.sy\/es\/index.php?rest_route=%2Fwp%2Fv2%2Fmedia&parent=306943"}],"wp:term":[{"taxonomy":"category","embeddable":true,"href":"https:\/\/archive.sana.sy\/es\/index.php?rest_route=%2Fwp%2Fv2%2Fcategories&post=306943"},{"taxonomy":"post_tag","embeddable":true,"href":"https:\/\/archive.sana.sy\/es\/index.php?rest_route=%2Fwp%2Fv2%2Ftags&post=306943"}],"curies":[{"name":"wp","href":"https:\/\/api.w.org\/{rel}","templated":true}]}}